{"id":373493,"date":"2025-09-07T18:03:36","date_gmt":"2025-09-07T18:03:36","guid":{"rendered":"https:\/\/www.europesays.com\/fr\/373493\/"},"modified":"2025-09-07T18:03:36","modified_gmt":"2025-09-07T18:03:36","slug":"meylan-lancement-de-saison-festif-et-gratuit-a-lhexagone-ce-vendredi","status":"publish","type":"post","link":"https:\/\/www.europesays.com\/fr\/373493\/","title":{"rendered":"Meylan. Lancement de saison festif et gratuit \u00e0 l\u2019Hexagone ce vendredi"},"content":{"rendered":"<p>Afin de lancer sa saison, l\u2019\u00e9quipe de L\u2019Hexagone \u00e0 Meylan convie le public \u00e0 un moment festif et convivial. Seront pr\u00e9sents des artistes complices de la saison, Audrey Vernon, la compagnie Le Chant des pistes, Damien Traversaz, la compagnie Tout en vrac\u2026 Ils nous d\u00e9voileront des performances de th\u00e9\u00e2tre, de cirque, de danse. La soir\u00e9e se terminera avec le groupe Karavan Tabaz qui propose des musiques des Balkans.<\/p>\n<p>Tout au long de ce temps festif, l\u2019\u00e9quipe sera pr\u00e9sente aupr\u00e8s de vous pour \u00e9voquer les spectacles qui feront cette saison. La billetterie sera ouverte ce soir-l\u00e0.<\/p>\n<p>Vous aurez la possibilit\u00e9 de vous restaurer et de boire un verre, rendez-vous sous la tente de la Mixture.<\/p>\n<p class=\"note\">Vendredi 12\u00a0septembre de 18 heures \u00e0 22\u00a0h\u00a030 sur le parvis de L\u2019Hexagone \u00e0 Meylan. Gratuit.<\/p>\n","protected":false},"excerpt":{"rendered":"Afin de lancer sa saison, l\u2019\u00e9quipe de L\u2019Hexagone \u00e0 Meylan convie le public \u00e0 un moment festif et&hellip;\n","protected":false},"author":2,"featured_media":373494,"comment_status":"","ping_status":"","sticky":false,"template":"","format":"standard","meta":{"footnotes":""},"categories":[9566],"tags":[1111,11,2430,1687,112,1777,674,1011,27,2731,108,9597,9598,12,25,3140],"class_list":{"0":"post-373493","1":"post","2":"type-post","3":"status-publish","4":"format-standard","5":"has-post-thumbnail","7":"category-grenoble","8":"tag-actu","9":"tag-actualites","10":"tag-auvergne-rhone-alpes","11":"tag-culture-loisirs","12":"tag-edition-grenoble-agglomeration","13":"tag-eu","14":"tag-europe","15":"tag-fr","16":"tag-france","17":"tag-grenoble","18":"tag-isere","19":"tag-meylan","20":"tag-meylan-et-autour","21":"tag-news","22":"tag-republique-francaise","23":"tag-spectacle"},"share_on_mastodon":{"url":"https:\/\/pubeurope.com\/@fr\/115164335559257721","error":""},"_links":{"self":[{"href":"https:\/\/www.europesays.com\/fr\/wp-json\/wp\/v2\/posts\/373493","targetHints":{"allow":["GET"]}}],"collection":[{"href":"https:\/\/www.europesays.com\/fr\/wp-json\/wp\/v2\/posts"}],"about":[{"href":"https:\/\/www.europesays.com\/fr\/wp-json\/wp\/v2\/types\/post"}],"author":[{"embeddable":true,"href":"https:\/\/www.europesays.com\/fr\/wp-json\/wp\/v2\/users\/2"}],"replies":[{"embeddable":true,"href":"https:\/\/www.europesays.com\/fr\/wp-json\/wp\/v2\/comments?post=373493"}],"version-history":[{"count":0,"href":"https:\/\/www.europesays.com\/fr\/wp-json\/wp\/v2\/posts\/373493\/revisions"}],"wp:featuredmedia":[{"embeddable":true,"href":"https:\/\/www.europesays.com\/fr\/wp-json\/wp\/v2\/media\/373494"}],"wp:attachment":[{"href":"https:\/\/www.europesays.com\/fr\/wp-json\/wp\/v2\/media?parent=373493"}],"wp:term":[{"taxonomy":"category","embeddable":true,"href":"https:\/\/www.europesays.com\/fr\/wp-json\/wp\/v2\/categories?post=373493"},{"taxonomy":"post_tag","embeddable":true,"href":"https:\/\/www.europesays.com\/fr\/wp-json\/wp\/v2\/tags?post=373493"}],"curies":[{"name":"wp","href":"https:\/\/api.w.org\/{rel}","templated":true}]}}