{"id":373503,"date":"2025-09-07T18:08:16","date_gmt":"2025-09-07T18:08:16","guid":{"rendered":"https:\/\/www.europesays.com\/fr\/373503\/"},"modified":"2025-09-07T18:08:16","modified_gmt":"2025-09-07T18:08:16","slug":"foire-europeenne-de-strasbourg-2025-les-parcours-ultimate-ninja-seduisent-grands-et-surtout-petits","status":"publish","type":"post","link":"https:\/\/www.europesays.com\/fr\/373503\/","title":{"rendered":"Foire europ\u00e9enne de Strasbourg 2025. Les parcours \u00ab\u00a0Ultimate Ninja\u00a0\u00bb s\u00e9duisent grands et surtout petits"},"content":{"rendered":"<p><strong>Au premier parcours<\/strong> , le plus accessible, Thylio attrape le filet vertical. Sans se poser de question, l\u2019attrait du jeu est le plus fort. La tyrolienne \u00e0 gros ballon aurait aussi pu plaire \u00e0 sa s\u0153ur Milina, mais \u00e0 8 et 9 ans, on se pr\u00e9cipite. Joie de grimpouiller, s\u2019accrocher, avancer, se balancer. \u00ab\u00a0Yyaaaaah\u00a0!\u00a0\u00bb Trap\u00e8ze, portes suspendues \u00e0 l\u2019horizontale\u00a0: les obstacles suivants sont des formalit\u00e9s. Mais au filet \u00ab\u00a0en coque\u00a0\u00bb, le fr\u00e8re bloque, puis l\u00e2che l\u2019\u00e9chelle suspendue\u00a0: \u00ab\u00a0\u00c7a tirait trop les bras.\u00a0\u00bb La fillette l\u2019aborde plus fine et d\u2019un cochon-pendu passe au-dessus. \u00ab\u00a0C\u2019est comme \u00e0 la t\u00e9l\u00e9, mais en mieux\u00a0: il n\u2019y a pas la piscine au-dessous et on ne se mouille pas\u00a0!\u00a0\u00bb sourit-elle. Leurs parents, des Strasbourgeois, qui \u00ab\u00a0se prom\u00e8nent\u00a0\u00bb \u00e0 <a href=\"https:\/\/www.dna.fr\/culture-loisirs\/2025\/09\/05\/plus-de-100-000-personnes-attendues-la-93e-edition-est-lancee\" target=\"_blank\" rel=\"noopener\">la foire<\/a> depuis une dizaine d\u2019ann\u00e9es, avaient rep\u00e9r\u00e9 l\u2019activit\u00e9 dans&#8230;<\/p>\n","protected":false},"excerpt":{"rendered":"Au premier parcours , le plus accessible, Thylio attrape le filet vertical. Sans se poser de question, l\u2019attrait&hellip;\n","protected":false},"author":2,"featured_media":373504,"comment_status":"","ping_status":"","sticky":false,"template":"","format":"standard","meta":{"footnotes":""},"categories":[2820],"tags":[1111,11,1687,2880,1777,674,107,1685,49688,1011,27,775,12,25,517,640,2879],"class_list":{"0":"post-373503","1":"post","2":"type-post","3":"status-publish","4":"format-standard","5":"has-post-thumbnail","7":"category-strasbourg","8":"tag-actu","9":"tag-actualites","10":"tag-culture-loisirs","11":"tag-edition-strasbourg","12":"tag-eu","13":"tag-europe","14":"tag-fil-info","15":"tag-foire-et-salon","16":"tag-foire-europeenne","17":"tag-fr","18":"tag-france","19":"tag-grand-est","20":"tag-news","21":"tag-republique-francaise","22":"tag-sport","23":"tag-strasbourg","24":"tag-strasbourg-ville"},"share_on_mastodon":{"url":"https:\/\/pubeurope.com\/@fr\/115164355203016434","error":""},"_links":{"self":[{"href":"https:\/\/www.europesays.com\/fr\/wp-json\/wp\/v2\/posts\/373503","targetHints":{"allow":["GET"]}}],"collection":[{"href":"https:\/\/www.europesays.com\/fr\/wp-json\/wp\/v2\/posts"}],"about":[{"href":"https:\/\/www.europesays.com\/fr\/wp-json\/wp\/v2\/types\/post"}],"author":[{"embeddable":true,"href":"https:\/\/www.europesays.com\/fr\/wp-json\/wp\/v2\/users\/2"}],"replies":[{"embeddable":true,"href":"https:\/\/www.europesays.com\/fr\/wp-json\/wp\/v2\/comments?post=373503"}],"version-history":[{"count":0,"href":"https:\/\/www.europesays.com\/fr\/wp-json\/wp\/v2\/posts\/373503\/revisions"}],"wp:featuredmedia":[{"embeddable":true,"href":"https:\/\/www.europesays.com\/fr\/wp-json\/wp\/v2\/media\/373504"}],"wp:attachment":[{"href":"https:\/\/www.europesays.com\/fr\/wp-json\/wp\/v2\/media?parent=373503"}],"wp:term":[{"taxonomy":"category","embeddable":true,"href":"https:\/\/www.europesays.com\/fr\/wp-json\/wp\/v2\/categories?post=373503"},{"taxonomy":"post_tag","embeddable":true,"href":"https:\/\/www.europesays.com\/fr\/wp-json\/wp\/v2\/tags?post=373503"}],"curies":[{"name":"wp","href":"https:\/\/api.w.org\/{rel}","templated":true}]}}