{"id":373507,"date":"2025-09-07T18:10:18","date_gmt":"2025-09-07T18:10:18","guid":{"rendered":"https:\/\/www.europesays.com\/fr\/373507\/"},"modified":"2025-09-07T18:10:18","modified_gmt":"2025-09-07T18:10:18","slug":"eric-ciotti-promet-le-retour-du-double-sens-pour-le-quai-des-etats-unis-et-deux-heures-de-stationnement-gratuit","status":"publish","type":"post","link":"https:\/\/www.europesays.com\/fr\/373507\/","title":{"rendered":"\u00c9ric Ciotti promet le retour du double-sens pour le quai des \u00c9tats-Unis et deux heures de stationnement gratuit"},"content":{"rendered":"<p><strong>Apr\u00e8s <a href=\"https:\/\/nicepresse.com\/eric-ciotti-a-nice-presse-mon-plan-contre-linsecurite\/\" rel=\"nofollow noopener\" target=\"_blank\">avoir fait de la s\u00e9curit\u00e9 sa priorit\u00e9<\/a>, \u00c9ric Ciotti d\u00e9roule quelques \u00e9l\u00e9ments de son programme pour les mobilit\u00e9s. Le d\u00e9put\u00e9 (UDR, soutenu par le RN) promet de tourner la page des politiques \u00ab\u00a0\u00e0\u00a0la Anne Hidalgo\u00a0\u00bb men\u00e9es, selon lui, par Christian Estrosi.<\/strong><\/p>\n<blockquote class=\"twitter-tweet\">\n<p lang=\"fr\" dir=\"ltr\">\ud83d\udd34 Pistes cyclables, 2h de station\u00adnement gratuit, Lignes d\u2019Azur\u2026 <\/p>\n<p>\ud83d\uddf3\ufe0f Candidat \u00e0\u00a0l\u2019\u00e9lection municipale, \u00c9ric Ciotti (<a href=\"https:\/\/twitter.com\/eciotti?ref_src=twsrc%5Etfw\" target=\"_blank\" rel=\"noopener nofollow\">@eciotti<\/a>) a\u00a0choisi Nice-\u200bPresse pour d\u00e9voiler sa feuille de route sur les sujets du quotidien<\/p>\n<p>2e volet, la circu\u00adlation \u00e0 <a href=\"https:\/\/twitter.com\/hashtag\/Nice06?src=hash&amp;ref_src=twsrc%5Etfw\" target=\"_blank\" rel=\"noopener nofollow\">#Nice06<\/a> \u2935\ufe0f<a href=\"https:\/\/t.co\/11EiJBQtup\" rel=\"nofollow\">https:\/\/t.co\/11EiJBQtup<\/a> <a href=\"https:\/\/t.co\/Y3qqE49FI1\" rel=\"nofollow\">pic.twitter.com\/Y3qqE49FI1<\/a><\/p>\n<p>\u2014 Nice-\u200bPresse \u00b7 Top infos (@NicePresse) <a href=\"https:\/\/twitter.com\/NicePresse\/status\/1964250503069462647?ref_src=twsrc%5Etfw\" target=\"_blank\" rel=\"noopener nofollow\">September 6,\u00a02025<\/a><\/p><\/blockquote>\n<p>Premi\u00e8re annonce choc\u00a0: <strong>le retour du double-\u200bsens sur le quai des \u00c9tats-\u200bUnis et Rauba Capeu<\/strong>, afin de d\u00e9sen\u00adgorger l\u2019Est de la ville et de rendre l\u2019acc\u00e8s au port plus fluide depuis la Promenade des Anglais. La piste cyclable serait d\u00e9plac\u00e9e sur le trottoir et les quais. \u00ab\u00a0La circu\u00adlation est aujourd\u2019hui compromise, je mettrai fin au sens unique imm\u00e9dia\u00adtement\u00a0\u00bb, insiste-\u200bt-\u200bil.<\/p>\n<p>Sur les pistes cyclables, Ciotti se dit favorable \u00e0\u00a0des am\u00e9na\u00adge\u00adments \u00ab\u00a0de bon sens\u00a0\u00bb, mais <strong>refuse toute nouvelle suppression de places de station\u00adnement<\/strong>. Il promet m\u00eame un <strong>moratoire total<\/strong>, d\u00e9non\u00e7ant une politique \u00ab\u00a0anti-\u200bvoitures\u00a0\u00bb qui a\u00a0fragilis\u00e9 le commerce de proximit\u00e9 au profit des grandes surfaces p\u00e9riph\u00e9riques.<\/p>\n<p>Pour les collines, \u00ab\u00a0insuf\u00adfi\u00adsamment desservies\u00a0\u00bb, le candidat veut <strong>red\u00e9ployer les moyens de Lignes d\u2019Azur<\/strong> et cr\u00e9er un \u00ab\u00a0r\u00e9seau de navettes perfor\u00admantes\u00a0\u00bb. Objectif\u00a0: recon\u00adnecter bien plus fortement ces quartiers au reste de la\u00a0ville.<\/p>\n<p>Autre mesure forte\u00a0: <strong>deux heures gratuites de station\u00adnement<\/strong> afin de redonner de l\u2019air aux habitants et aux petits commerces. Eric Ciotti critique par ailleurs la d\u00e9l\u00e9gation actuelle du station\u00adnement \u00e0\u00a0une soci\u00e9t\u00e9 priv\u00e9e, qu\u2019il accuse de \u00ab\u00a0matraquer\u00a0\u00bb les Ni\u00e7ois.<\/p>\n<p>\t<script async src=\"https:\/\/platform.twitter.com\/widgets.js\" charset=\"utf-8\"><\/script><\/p>\n","protected":false},"excerpt":{"rendered":"Apr\u00e8s avoir fait de la s\u00e9curit\u00e9 sa priorit\u00e9, \u00c9ric Ciotti d\u00e9roule quelques \u00e9l\u00e9ments de son programme pour les&hellip;\n","protected":false},"author":2,"featured_media":373508,"comment_status":"","ping_status":"","sticky":false,"template":"","format":"standard","meta":{"footnotes":""},"categories":[2819],"tags":[1111,11,1777,674,1011,27,12,2401,882,25],"class_list":{"0":"post-373507","1":"post","2":"type-post","3":"status-publish","4":"format-standard","5":"has-post-thumbnail","7":"category-nice","8":"tag-actu","9":"tag-actualites","10":"tag-eu","11":"tag-europe","12":"tag-fr","13":"tag-france","14":"tag-news","15":"tag-nice","16":"tag-provence-alpes-cote-dazur","17":"tag-republique-francaise"},"share_on_mastodon":{"url":"https:\/\/pubeurope.com\/@fr\/115164363078206690","error":""},"_links":{"self":[{"href":"https:\/\/www.europesays.com\/fr\/wp-json\/wp\/v2\/posts\/373507","targetHints":{"allow":["GET"]}}],"collection":[{"href":"https:\/\/www.europesays.com\/fr\/wp-json\/wp\/v2\/posts"}],"about":[{"href":"https:\/\/www.europesays.com\/fr\/wp-json\/wp\/v2\/types\/post"}],"author":[{"embeddable":true,"href":"https:\/\/www.europesays.com\/fr\/wp-json\/wp\/v2\/users\/2"}],"replies":[{"embeddable":true,"href":"https:\/\/www.europesays.com\/fr\/wp-json\/wp\/v2\/comments?post=373507"}],"version-history":[{"count":0,"href":"https:\/\/www.europesays.com\/fr\/wp-json\/wp\/v2\/posts\/373507\/revisions"}],"wp:featuredmedia":[{"embeddable":true,"href":"https:\/\/www.europesays.com\/fr\/wp-json\/wp\/v2\/media\/373508"}],"wp:attachment":[{"href":"https:\/\/www.europesays.com\/fr\/wp-json\/wp\/v2\/media?parent=373507"}],"wp:term":[{"taxonomy":"category","embeddable":true,"href":"https:\/\/www.europesays.com\/fr\/wp-json\/wp\/v2\/categories?post=373507"},{"taxonomy":"post_tag","embeddable":true,"href":"https:\/\/www.europesays.com\/fr\/wp-json\/wp\/v2\/tags?post=373507"}],"curies":[{"name":"wp","href":"https:\/\/api.w.org\/{rel}","templated":true}]}}