{"id":373509,"date":"2025-09-07T18:11:23","date_gmt":"2025-09-07T18:11:23","guid":{"rendered":"https:\/\/www.europesays.com\/fr\/373509\/"},"modified":"2025-09-07T18:11:23","modified_gmt":"2025-09-07T18:11:23","slug":"damelevieres-la-fete-foraine-entre-tradition-et-modernite-lest-republicain","status":"publish","type":"post","link":"https:\/\/www.europesays.com\/fr\/373509\/","title":{"rendered":"Damelevi\u00e8res. La f\u00eate foraine entre tradition et modernit\u00e9 &#8211; L&#039;Est R\u00e9publicain"},"content":{"rendered":"<ol>\n<li><a href=\"https:\/\/news.google.com\/rss\/articles\/CBMiowFBVV95cUxNdjQweUdSZnhZUDIxUFk4ekkwMEhnc0ZIZmNhN2VmV3Y1aVA2QTNhcDJmRmVEYUZNWFdEdlU5THJadjNOOGhfLUxBdHNGb3piN19uMHdReGd0cmFkUWhhQkN5RE5qV3VOWEdnWEQ4YllJRXQtc1lrNkxhRE83ZGRRNVpkX2g4UDVMZkYzcU5LVVpvX2NUQlkwbXk1ODRULWdGNU9N?oc=5\" target=\"_blank\" rel=\"noopener\">Damelevi\u00e8res. La f\u00eate foraine entre tradition et modernit\u00e9<\/a>&nbsp;&nbsp;L&rsquo;Est R\u00e9publicain<\/li>\n<li><a href=\"https:\/\/news.google.com\/rss\/articles\/CBMi2gFBVV95cUxNSGJCNjB3VXFYYnBCRXh2Rm9HTVdRSnpvNFVtNUFjWmZTVGlCYkxHajM4Z3RpeG1EVTU3dG81RkIxNGZiMjhCUi1KWjRZSWpPRHJQSWZWSGFadUlTSDAySGs0NUhXcXR1bExWYks1NUNQaE9jUEQyNnFWZ3lpNjVHUENLemVkdGFPT1A1Qmp3YnZFTVhtWmw0M1ozamRhNXN2bFVqNnlzZVQ3WjdkYXMtXzVOanFsUnZTbUpHMnlmTjdVajltbS13c3l5Q1Z2bkVFX3NRUURybWZYUQ?oc=5\" target=\"_blank\" rel=\"noopener\">La f\u00eate foraine des Angevines \u00e0 Laval : le rendez-vous incontournable des familles<\/a>&nbsp;&nbsp;Maville Laval<\/li>\n<li><a href=\"https:\/\/news.google.com\/rss\/articles\/CBMimwFBVV95cUxOS2FqNkx1NWl2eTJ1Z3RkcHRNTXFBblpvWkpVb1V6TVg2ZFpPZDNIZHN3bzZISFBFdTBrTVJyaEVrakJqVktFTVFnQmp0WGNsQmRKQXNpMnYtM0d6NVAzR0JWYm85NlVzX0ZEcEdiY05Xc18zZHpZa2lJUi1fajZGcEdnNC1iUnVEZDdjbGVBSzgxWUJHQkV1TFRrTQ?oc=5\" target=\"_blank\" rel=\"noopener\">La F\u00eate Foraine fait son grand retour ce week-end \u00e0 Nantes<\/a>&nbsp;&nbsp;Le Bonbon<\/li>\n<li><a href=\"https:\/\/news.google.com\/rss\/articles\/CBMipwFBVV95cUxQR1MxWVMxSnBHb2J2RUlxZjBEZU9UOUtPWUFpSXlRRmV5azBCdFhkWEdkakpKcE5EVjl2enViN1NrbTJhbk5nMElEaEM2VzJwNnM5OVA1MG5ySkE4QnpVNl9WQTBjUjZLNFE5WFJJeTk1XzdmMFFOZkpSaTJ6NTBCNmxLQ1JfTjFQTVQ0QzVBUVA0Yk9odTl5ZzR2THpURDhWS2M2aTRHbw?oc=5\" target=\"_blank\" rel=\"noopener\">Herserange. La f\u00eate foraine en place pour quatre jours<\/a>&nbsp;&nbsp;Le Republicain Lorrain<\/li>\n<\/ol>\n","protected":false},"excerpt":{"rendered":"Damelevi\u00e8res. La f\u00eate foraine entre tradition et modernit\u00e9&nbsp;&nbsp;L&rsquo;Est R\u00e9publicain La f\u00eate foraine des Angevines \u00e0 Laval : le&hellip;\n","protected":false},"author":2,"featured_media":373510,"comment_status":"","ping_status":"","sticky":false,"template":"","format":"standard","meta":{"footnotes":""},"categories":[2818],"tags":[1111,11,34750,1687,50748,1707,1777,674,3326,1011,27,34751,34752,766,12,2636,25],"class_list":{"0":"post-373509","1":"post","2":"type-post","3":"status-publish","4":"format-standard","5":"has-post-thumbnail","7":"category-nantes","8":"tag-actu","9":"tag-actualites","10":"tag-cc-meurthe","11":"tag-culture-loisirs","12":"tag-damelevieres","13":"tag-edition-luneville","14":"tag-eu","15":"tag-europe","16":"tag-fete-locale","17":"tag-fr","18":"tag-france","19":"tag-mortagne","20":"tag-moselle-54a","21":"tag-nantes","22":"tag-news","23":"tag-pays-de-la-loire","24":"tag-republique-francaise"},"share_on_mastodon":{"url":"https:\/\/pubeurope.com\/@fr\/115164367115656712","error":""},"_links":{"self":[{"href":"https:\/\/www.europesays.com\/fr\/wp-json\/wp\/v2\/posts\/373509","targetHints":{"allow":["GET"]}}],"collection":[{"href":"https:\/\/www.europesays.com\/fr\/wp-json\/wp\/v2\/posts"}],"about":[{"href":"https:\/\/www.europesays.com\/fr\/wp-json\/wp\/v2\/types\/post"}],"author":[{"embeddable":true,"href":"https:\/\/www.europesays.com\/fr\/wp-json\/wp\/v2\/users\/2"}],"replies":[{"embeddable":true,"href":"https:\/\/www.europesays.com\/fr\/wp-json\/wp\/v2\/comments?post=373509"}],"version-history":[{"count":0,"href":"https:\/\/www.europesays.com\/fr\/wp-json\/wp\/v2\/posts\/373509\/revisions"}],"wp:featuredmedia":[{"embeddable":true,"href":"https:\/\/www.europesays.com\/fr\/wp-json\/wp\/v2\/media\/373510"}],"wp:attachment":[{"href":"https:\/\/www.europesays.com\/fr\/wp-json\/wp\/v2\/media?parent=373509"}],"wp:term":[{"taxonomy":"category","embeddable":true,"href":"https:\/\/www.europesays.com\/fr\/wp-json\/wp\/v2\/categories?post=373509"},{"taxonomy":"post_tag","embeddable":true,"href":"https:\/\/www.europesays.com\/fr\/wp-json\/wp\/v2\/tags?post=373509"}],"curies":[{"name":"wp","href":"https:\/\/api.w.org\/{rel}","templated":true}]}}