{"id":373523,"date":"2025-09-07T18:18:16","date_gmt":"2025-09-07T18:18:16","guid":{"rendered":"https:\/\/www.europesays.com\/fr\/373523\/"},"modified":"2025-09-07T18:18:16","modified_gmt":"2025-09-07T18:18:16","slug":"les-filles-du-stade-de-reims-ont-fini-par-ceder-a-lille-pour-la-premiere-en-d2-sport-club","status":"publish","type":"post","link":"https:\/\/www.europesays.com\/fr\/373523\/","title":{"rendered":"Les filles du Stade de Reims ont fini par c\u00e9der \u00e0 Lille pour la premi\u00e8re en D2 \u2022 Sport Club"},"content":{"rendered":"<p><b>Rel\u00e9gu\u00e9es en Seconde Ligue, les filles du Stade de Reims repartent de z\u00e9ro cette saison. En d\u00e9placement \u00e0 Lille \u00e0 l\u2019occasion de la premi\u00e8re journ\u00e9e de championnat avec un effectif consid\u00e9rablement rajeuni, les prot\u00e9g\u00e9es de Sarah Chalabi, la nouvelle coach ont longtemps subi avant de craquer en fin de match. Malgr\u00e9 la bonne volont\u00e9, le manque d\u2019exp\u00e9rience et la timidit\u00e9 offensive ont fini par profiter aux Nordistes. Un match pour apprendre\u2026<\/b><\/p>\n<blockquote>\n<p style=\"text-align: center;\">LA FEUILLE DE MATCH<\/p>\n<\/blockquote>\n<p style=\"text-align: center;\"><strong>LILLE <img loading=\"lazy\" data-recalc-dims=\"1\" decoding=\"async\" class=\"\" src=\"https:\/\/www.europesays.com\/fr\/wp-content\/uploads\/2025\/09\/cacheimage-1743583982.239565.png\" alt=\"Logo du Lille\" width=\"18\" height=\"18\"\/> 2-0 <img loading=\"lazy\" data-recalc-dims=\"1\" decoding=\"async\" class=\"\" src=\"https:\/\/www.europesays.com\/fr\/wp-content\/uploads\/2025\/09\/club-logo-1687948873.734277.png\" width=\"18\" height=\"18\"\/> STADE DE REIMS<\/strong><\/p>\n<p style=\"text-align: left;\"><strong>MI-TEMPS<\/strong> : 0-0<br \/><strong>ARBITRE<\/strong> : Mme Marine Tanguy<br \/><strong>BUTS <\/strong>\u2013 Conesa (90e, sp), Vanuxeem (92e) pour Lille<br \/><strong>AVERTISSEMENT<\/strong> \u2013 \u00e0 la Lilloise Hluschenko (50e)<br \/><strong><img loading=\"lazy\" data-recalc-dims=\"1\" decoding=\"async\" class=\"\" src=\"https:\/\/www.europesays.com\/fr\/wp-content\/uploads\/2025\/09\/cacheimage-1743583982.239565.png\" alt=\"Logo du Lille\" width=\"18\" height=\"18\"\/>\u00a0LILLE<\/strong> : Beitz, Delcroix, Belhout-Achi, Delaby, Rucker, Lelarge (c), Dufourmont, Da Rocha (Hamidou, 36e), Hlushchenko (Zang), Haugou, Conesa. Entr. : Mathieu Robail<br \/><strong><img loading=\"lazy\" data-recalc-dims=\"1\" decoding=\"async\" class=\"\" src=\"https:\/\/www.europesays.com\/fr\/wp-content\/uploads\/2025\/09\/club-logo-1687948873.734277.png\" width=\"18\" height=\"18\"\/>\u00a0REIMS\u00a0<\/strong>:<strong>\u00a0<\/strong>Bouchard \u2013 Smits, Nicot, Vilgrain, Villegas, Ou Mahi, Aich-Sanchez, White, Maniouloux, Saidi (Benrabah, 72e), Chamsoudine (Bourgain, 46e). Entr. : Sarah Chalabi<\/p>\n<blockquote>\n<p style=\"text-align: center;\"><strong>LE MATCH<\/strong><\/p>\n<\/blockquote>\n<p>Le chantier \u00e9tait tel qu\u2019il ne fallait pas s\u2019attendre \u00e0 un d\u00e9but de championnat facile pour le Stade de Reims f\u00e9minin new look. Rel\u00e9gu\u00e9e lors de la derni\u00e8re journ\u00e9e de championnat la saison derni\u00e8re, la section f\u00e9minine a du tout reconstruire durant l\u2019\u00e9t\u00e9. Nouvelle coach, nouvelle \u00e9quipes avec la quasi int\u00e9gralit\u00e9 de l\u2019effectif qui a chang\u00e9. Dans ses conditions, et malgr\u00e9 une mont\u00e9e en puissance progressive de l\u2019\u00e9quipe durant la pr\u00e9paration, le jeune effectif port\u00e9 par Sarah Chalabi savait qu\u2019il allait souffrir dans le Nord.<\/p>\n<p>Sur les installations du LOSC, les R\u00e9moises sont pass\u00e9es proche de prendre un point. Mais elles ont fini par craquer en toute fin de match. Sous la chaleur nordiste, les locales \u00e9taient les premi\u00e8res \u00e0 se mettre en \u00e9vidence. Mais la tentative d\u2019Elena Da Rocha n\u2019\u00e9tait pas cadr\u00e9. Pas de quoi enthousiasmer un premier acte bien timide o\u00f9 aucune des deux \u00e9quipes n\u2019a vraiment caus\u00e9 le danger. Seule la blessure de Da Rocha \u00e9chappait au faux-rythme ambiant.<\/p>\n<p>Deux minutes de trop<\/p>\n<p>La deuxi\u00e8me mi-temps offrait \u00e0 Lille la possibilit\u00e9 de pousser un peu plus. Dans la difficult\u00e9 pour se montrer dangereuses, les R\u00e9moises se cantonnaient \u00e0 d\u00e9fendre. Il s\u2019en fallait de peu qu\u2019elles c\u00e8dent une premi\u00e8re fois apr\u00e8s 53 minutes quand, \u00e0 la suite d\u2019un coup-franc, Pauline Haugou envoyait le ballon sur le poteau. Sur le reculoir, les co\u00e9quipi\u00e8res de L\u00e9a Bourgain, entr\u00e9e \u00e0 la pause, op\u00e9raient en contre. Mais face \u00e0 une gardienne vigilantes, puis une t\u00eate non crois\u00e9e, elles avaient laiss\u00e9 passer leur chance. D\u00e8s lors, le LOSC poussait. Et si la d\u00e9fense repoussait tant bien que mal les tentatives de Jos\u00e9phine Vanuxeem, une main r\u00e9moise dans la surface annihilait tous les efforts \u00e0 la 90e minute. Anna Conesa ne manquait pas l\u2019offrande. Cruel\u2026 Pire, au milieu d\u2019une d\u00e9fense alors d\u00e9mobilis\u00e9e, Jos\u00e9phine Vanuxeem, dribblait la gardienne r\u00e9moise et poussait le ballon dans le but vide pour doubler la mise deux minutes plus tard. Voil\u00e0 l\u00e0 le dur apprentissage d\u2019une jeune \u00e9quipe r\u00e9moise<\/p>\n<blockquote>\n<p style=\"text-align: center;\"><strong>LES RESULTATS ET LE CLASSEMENT<\/strong><\/p>\n<\/blockquote>\n<p>Sport Club Global Media<\/p>\n<p>PROCHAIN MATCH<\/p>\n<p>\ud83c\udd9a Grenoble<br \/>\ud83c\udfc6 2e journ\u00e9e de D2F<br \/>\ud83d\udcc5 dimanche 21 septembre 2025<br \/>\u231a 15h<br \/>\ud83c\udfdf\u00a0 au centre de vie Kopa, \u00e0 B\u00e9they (51)<\/p>\n","protected":false},"excerpt":{"rendered":"Rel\u00e9gu\u00e9es en Seconde Ligue, les filles du Stade de Reims repartent de z\u00e9ro cette saison. En d\u00e9placement \u00e0&hellip;\n","protected":false},"author":2,"featured_media":373524,"comment_status":"","ping_status":"","sticky":false,"template":"","format":"standard","meta":{"footnotes":""},"categories":[2815],"tags":[1111,11,50750,1777,674,12300,63,1011,27,811,1307,12,25,4398,464],"class_list":{"0":"post-373523","1":"post","2":"type-post","3":"status-publish","4":"format-standard","5":"has-post-thumbnail","7":"category-lille","8":"tag-actu","9":"tag-actualites","10":"tag-d2f","11":"tag-eu","12":"tag-europe","13":"tag-feminines","14":"tag-football","15":"tag-fr","16":"tag-france","17":"tag-hauts-de-france","18":"tag-lille","19":"tag-news","20":"tag-republique-francaise","21":"tag-sdr","22":"tag-stade-de-reims"},"share_on_mastodon":{"url":"https:\/\/pubeurope.com\/@fr\/115164395478790551","error":""},"_links":{"self":[{"href":"https:\/\/www.europesays.com\/fr\/wp-json\/wp\/v2\/posts\/373523","targetHints":{"allow":["GET"]}}],"collection":[{"href":"https:\/\/www.europesays.com\/fr\/wp-json\/wp\/v2\/posts"}],"about":[{"href":"https:\/\/www.europesays.com\/fr\/wp-json\/wp\/v2\/types\/post"}],"author":[{"embeddable":true,"href":"https:\/\/www.europesays.com\/fr\/wp-json\/wp\/v2\/users\/2"}],"replies":[{"embeddable":true,"href":"https:\/\/www.europesays.com\/fr\/wp-json\/wp\/v2\/comments?post=373523"}],"version-history":[{"count":0,"href":"https:\/\/www.europesays.com\/fr\/wp-json\/wp\/v2\/posts\/373523\/revisions"}],"wp:featuredmedia":[{"embeddable":true,"href":"https:\/\/www.europesays.com\/fr\/wp-json\/wp\/v2\/media\/373524"}],"wp:attachment":[{"href":"https:\/\/www.europesays.com\/fr\/wp-json\/wp\/v2\/media?parent=373523"}],"wp:term":[{"taxonomy":"category","embeddable":true,"href":"https:\/\/www.europesays.com\/fr\/wp-json\/wp\/v2\/categories?post=373523"},{"taxonomy":"post_tag","embeddable":true,"href":"https:\/\/www.europesays.com\/fr\/wp-json\/wp\/v2\/tags?post=373523"}],"curies":[{"name":"wp","href":"https:\/\/api.w.org\/{rel}","templated":true}]}}