{"id":373525,"date":"2025-09-07T18:19:12","date_gmt":"2025-09-07T18:19:12","guid":{"rendered":"https:\/\/www.europesays.com\/fr\/373525\/"},"modified":"2025-09-07T18:19:12","modified_gmt":"2025-09-07T18:19:12","slug":"en-vau-sormiou-port-pin-3-plages-marseillaises-parmi-les-plus-populaires-de-france-sur-instagram","status":"publish","type":"post","link":"https:\/\/www.europesays.com\/fr\/373525\/","title":{"rendered":"En-Vau, Sormiou, Port-Pin\u2026 3 plages marseillaises parmi les plus populaires de France sur Instagram"},"content":{"rendered":"<p>Les plages les plus populaires de France seraient-elles marseillaises ? Elles sont, a minima, tr\u00e8s appr\u00e9ci\u00e9es sur les r\u00e9seaux sociaux, d\u2019apr\u00e8s <a href=\"https:\/\/plaqueplastique.fr\/blog\/comment-les-francais-luttent-contre-la-chaleur\/\" target=\"_blank\" rel=\"nofollow noopener\">une \u00e9tude, publi\u00e9e en ao\u00fbt dernier, classant les 30 spots fran\u00e7ais de baignades<\/a> les plus r\u00e9put\u00e9s sur Instagram.<\/p>\n<p>4 plages des Bouches-du-Rh\u00f4ne dans le top 30<\/p>\n<p>La plage de la <a href=\"https:\/\/www.laprovence.com\/article\/region\/28338062335324\/la-nature-reinvestit-l-ancien-parking-du-col-de-la-gardiole-au-dessus-des-calanques-d-en-vau-et-de-port-pin\" target=\"_blank\" rel=\"nofollow noopener\">calanque d\u2019En-Vau<\/a>, situ\u00e9e \u00e0 <a href=\"https:\/\/www.laprovence.com\/bouches-du-rhone\/marseille-13055\" target=\"_blank\" rel=\"nofollow noopener\">Marseille<\/a> dans le parc national des Calanques, occupe la troisi\u00e8me place avec 25\u00a0400 publications (<a href=\"https:\/\/www.instagram.com\/explore\/search\/keyword\/?q=%23calanquedenvau\" target=\"_blank\" rel=\"nofollow noopener\">#calanquedenvau<\/a>). Elle n\u2019est pas la seule plage de la cit\u00e9 phoc\u00e9enne dans ce top 30.<\/p>\n<p>Les plages marseillaises de la calanque de Sormiou (<a href=\"https:\/\/www.instagram.com\/explore\/search\/keyword\/?q=%23calanquedesormiou\" target=\"_blank\" rel=\"nofollow noopener\">14\u00a0500 publications<\/a>) et de la calanque de Port-Pin (<a href=\"https:\/\/www.instagram.com\/explore\/search\/keyword\/?q=%23calanquedeportpin\" target=\"_blank\" rel=\"nofollow noopener\">2\u00a0300<\/a>) arrivent respectivement en 6e et 21e position.<\/p>\n<p><img alt=\"Une partie du parc national des Calanques, avec de droite \u00e0 gauche : les Calanques de Port-Miou, Port-Pin et En-Vau.\" loading=\"lazy\" decoding=\"async\" data-nimg=\"fill\" class=\" TwicCore_img__i9TC1 undefined  undefined\" style=\"position:absolute;height:100%;width:100%;left:0;top:0;right:0;bottom:0;color:transparent;background-size:cover;background-position:50% 50%;background-repeat:no-repeat;background-image:url(&quot;data:image\/svg+xml;charset=utf-8,%3Csvg xmlns='http:\/\/www.w3.org\/2000\/svg' %3E%3Cfilter id='b' color-interpolation-filters='sRGB'%3E%3CfeGaussianBlur stdDeviation='20'\/%3E%3CfeColorMatrix values='1 0 0 0 0 0 1 0 0 0 0 0 1 0 0 0 0 0 100 -1' result='s'\/%3E%3CfeFlood x='0' y='0' width='100%25' height='100%25'\/%3E%3CfeComposite operator='out' in='s'\/%3E%3CfeComposite in2='SourceGraphic'\/%3E%3CfeGaussianBlur stdDeviation='20'\/%3E%3C\/filter%3E%3Cimage width='100%25' height='100%25' x='0' y='0' preserveAspectRatio='none' style='filter: url(%23b);' href='https:\/\/pictures.laprovence.com\/cdn-cgi\/image\/blur=250\/media\/melody\/2025\/09\/07\/marseille-et-sa-region-vues-du-ciel-a-bord-d-un-helicoptere-ecureuil-ici-une-partie-du-parc-des-cala-1757266209_c48ad92889b86b88ad92889b88c8adv_.jpg'\/%3E%3C\/svg%3E&quot;)\"   src=\"https:\/\/www.europesays.com\/fr\/wp-content\/uploads\/2025\/09\/marseille-et-sa-region-vues-du-ciel-a-bord-d-un-helicoptere-ecureuil-ici-une-partie-du-parc-des-cala.jpeg\"\/>Une partie du parc national des Calanques, avec de droite \u00e0 gauche : les Calanques de Port-Miou, Port-Pin et En-Vau. \/ Photo d&rsquo;archives &#8211; LAUNETTE Florian<\/p>\n<p>La seule autre plage des Bouches-du-Rh\u00f4ne pr\u00e9sente dans ce classement est celle du <a href=\"https:\/\/www.laprovence.com\/article\/edition-aubagne-la-ciotat\/5594627\/.html\" target=\"_blank\" rel=\"nofollow noopener\">Bestouan<\/a>, situ\u00e9e \u00e0 Cassis (25e avec <a href=\"https:\/\/www.instagram.com\/explore\/search\/keyword\/?q=%23plagedubestouan\" target=\"_blank\" rel=\"nofollow noopener\">1\u00a0500 publications<\/a>).<\/p>\n<p>Globalement, ce sont des plages de la moiti\u00e9 sud de la France qui dominent (19\/30), avec notamment 8 situ\u00e9es en Provence-Alpes-C\u00f4te d&rsquo;Azur.<\/p>\n<p>Pour autant, ce sont des plages de Normandie qui trustent les deux premi\u00e8res places de classement, avec respectivement <a href=\"https:\/\/www.instagram.com\/explore\/search\/keyword\/?q=%23omahabeach\" target=\"_blank\" rel=\"nofollow noopener\">181\u00a0000<\/a>\u00a0et\u00a0<a href=\"https:\/\/www.instagram.com\/explore\/search\/keyword\/?q=%23utahbeach\" target=\"_blank\" rel=\"nofollow noopener\">58\u00a0900 publications<\/a>\u00a0pour Omaha Beach et Utah Beach. \u00ab\u00a0La popularit\u00e9 de ces plages est tout \u00e0 fait logique et s\u2019explique par leur histoire\u00a0: elles font partie des 5 plages du d\u00e9barquement alli\u00e9 en Normandie du 6\u00a0juin\u00a01944\u00a0\u00bb, rappelle\u00a0<a href=\"https:\/\/plaqueplastique.fr\/blog\/comment-les-francais-luttent-contre-la-chaleur\/\" target=\"_blank\" rel=\"nofollow noopener\">le communiqu\u00e9 de presse publi\u00e9 en ao\u00fbt dernier<\/a>.<\/p>\n<p>Quelle est la m\u00e9thodologie de cette \u00e9tude\u00a0?<\/p>\n<p>Pour \u00e9tablir ce classement, le site \u00ab\u00a0<a href=\"https:\/\/plaqueplastique.fr\/blog\/comment-les-francais-luttent-contre-la-chaleur\/\" target=\"_blank\" rel=\"nofollow noopener\">plaqueplastique.fr<\/a>\u00a0\u00bb s\u2019est bas\u00e9 sur \u00ab\u00a0une liste des plages les plus populaires en France \u00e9tablie \u00e0 partir de divers classements publi\u00e9s sur le web\u00a0\u00bb. Concr\u00e8tement, la liste de base n\u2019est pas exhaustive. Ensuite, ils ont \u00ab\u00a0identifi\u00e9 le hashtag Instagram correspondant, puis comptabilis\u00e9 le nombre de publications associ\u00e9es\u00a0\u00bb. Il faut aussi avoir en t\u00eate que les donn\u00e9es ont \u00e9t\u00e9 collect\u00e9es en ao\u00fbt\u00a02025.<\/p>\n<p>Cette m\u00e9thodologie explique l\u2019absence dans ce classement de certaines plages populaires du nord de la France, de Bretagne notamment. Certaines plages du Sud ont \u00e9galement \u00e9t\u00e9 oubli\u00e9es. Par exemple, la plage des Catalans, situ\u00e9e dans le 7e arrondissement de Marseille, comptabilise plus de\u00a0<a href=\"https:\/\/www.instagram.com\/explore\/search\/keyword\/?q=%23plagedubestouan\" target=\"_blank\" rel=\"nofollow noopener\">5000 publications sur Instagram<\/a> et pourrait donc occuper la 13e place de ce top 30\u00a0!<\/p>\n<p><img alt=\"\" loading=\"lazy\" width=\"18\" height=\"18\" decoding=\"async\" data-nimg=\"1\" class=\"mx-[8px]\" style=\"color:transparent\" src=\"https:\/\/www.laprovence.com\/_next\/static\/media\/comment.b95dda91.svg\"\/>D\u00e9marrez la conversation<\/p>\n<p class=\"text-[1.8rem] mt-[32px]\">Votre opinion compte pour nous. Rejoignez la communaut\u00e9 laprovence.com en r\u00e9agissant sur l&rsquo;article En-Vau, Sormiou, Port-Pin\u2026 3 plages marseillaises parmi les plus populaires de France sur Instagram.<\/p>\n<p><script async src=\"\/\/www.instagram.com\/embed.js\"><\/script><\/p>\n","protected":false},"excerpt":{"rendered":"Les plages les plus populaires de France seraient-elles marseillaises ? Elles sont, a minima, tr\u00e8s appr\u00e9ci\u00e9es sur les&hellip;\n","protected":false},"author":2,"featured_media":373526,"comment_status":"","ping_status":"","sticky":false,"template":"","format":"standard","meta":{"footnotes":""},"categories":[2814],"tags":[17,1111,11,50751,1777,674,1011,27,151,12191,884,12,27594,8302,50752,882,25,104,1183],"class_list":{"0":"post-373525","1":"post","2":"type-post","3":"status-publish","4":"format-standard","5":"has-post-thumbnail","7":"category-marseille","8":"tag-17","9":"tag-actu","10":"tag-actualites","11":"tag-en-vau","12":"tag-eu","13":"tag-europe","14":"tag-fr","15":"tag-france","16":"tag-les","17":"tag-marseillaises","18":"tag-marseille","19":"tag-news","20":"tag-parmi","21":"tag-plages","22":"tag-port-pin","23":"tag-provence-alpes-cote-dazur","24":"tag-republique-francaise","25":"tag-societe","26":"tag-sormiou"},"share_on_mastodon":{"url":"https:\/\/pubeurope.com\/@fr\/115164398700884214","error":""},"_links":{"self":[{"href":"https:\/\/www.europesays.com\/fr\/wp-json\/wp\/v2\/posts\/373525","targetHints":{"allow":["GET"]}}],"collection":[{"href":"https:\/\/www.europesays.com\/fr\/wp-json\/wp\/v2\/posts"}],"about":[{"href":"https:\/\/www.europesays.com\/fr\/wp-json\/wp\/v2\/types\/post"}],"author":[{"embeddable":true,"href":"https:\/\/www.europesays.com\/fr\/wp-json\/wp\/v2\/users\/2"}],"replies":[{"embeddable":true,"href":"https:\/\/www.europesays.com\/fr\/wp-json\/wp\/v2\/comments?post=373525"}],"version-history":[{"count":0,"href":"https:\/\/www.europesays.com\/fr\/wp-json\/wp\/v2\/posts\/373525\/revisions"}],"wp:featuredmedia":[{"embeddable":true,"href":"https:\/\/www.europesays.com\/fr\/wp-json\/wp\/v2\/media\/373526"}],"wp:attachment":[{"href":"https:\/\/www.europesays.com\/fr\/wp-json\/wp\/v2\/media?parent=373525"}],"wp:term":[{"taxonomy":"category","embeddable":true,"href":"https:\/\/www.europesays.com\/fr\/wp-json\/wp\/v2\/categories?post=373525"},{"taxonomy":"post_tag","embeddable":true,"href":"https:\/\/www.europesays.com\/fr\/wp-json\/wp\/v2\/tags?post=373525"}],"curies":[{"name":"wp","href":"https:\/\/api.w.org\/{rel}","templated":true}]}}