{"id":373527,"date":"2025-09-07T18:20:18","date_gmt":"2025-09-07T18:20:18","guid":{"rendered":"https:\/\/www.europesays.com\/fr\/373527\/"},"modified":"2025-09-07T18:20:18","modified_gmt":"2025-09-07T18:20:18","slug":"ca-se-confirme-pour-harit","status":"publish","type":"post","link":"https:\/\/www.europesays.com\/fr\/373527\/","title":{"rendered":"\u00e7a se confirme pour Harit !"},"content":{"rendered":"<p><strong>Alors que l\u2019Olympique de Marseille poursuit son travail de r\u00e9\u00e9quilibrage de l\u2019effectif, la situation d\u2019Amine Harit est d\u00e9sormais au centre des attentions. Le milieu offensif marocain, longtemps perturb\u00e9 par les blessures, ne fait plus partie des plans de Roberto De Zerbi et pourrait quitter le club dans les prochains jours.<\/strong><\/p>\n<p>Selon les informations de L\u2019\u00c9quipe, l\u2019ancien joueur de <strong>Schalke 04<\/strong> dispose de plusieurs contacts dans les <strong>pays du Golfe<\/strong>, o\u00f9 le <strong>mercato<\/strong> reste ouvert malgr\u00e9 la fermeture officielle dans les grands championnats europ\u00e9ens. Cette fen\u00eatre tardive pourrait offrir une solution au joueur, qui n\u2019a pas encore retrouv\u00e9 son meilleur niveau apr\u00e8s une saison 2024-2025 largement compromise par les passages r\u00e9p\u00e9t\u00e9s \u00e0 l\u2019infirmerie.<\/p>\n<p>A lire aussi :\u00a0<a href=\"https:\/\/www.footballclubdemarseille.fr\/om-actualites\/%e2%9a%a1-om-droits-tv-labrune-contre-attaque-apres-les-critiques-explosives-de-mccourt.html\" rel=\"nofollow noopener\" target=\"_blank\">\u26a1 OM \u2013 Droits TV : Labrune contre-attaque apr\u00e8s les critiques explosives de McCourt<\/a><\/p>\n<p>Une opportunit\u00e9 pour Harit dans le Golfe pour relancer sa carri\u00e8re !<\/p>\n<p>\u00a0<\/p>\n<p>\u00c0 28 ans, Harit doit d\u00e9sormais se relancer. Son temps de jeu \u00e0 Marseille s\u2019est consid\u00e9rablement r\u00e9duit, et la concurrence dans le secteur offensif ne lui laisse que tr\u00e8s peu de perspectives. Dans ce contexte, un d\u00e9part vers le Moyen-Orient appara\u00eet comme une option cr\u00e9dible. Contrairement \u00e0 d\u2019autres joueurs marseillais plac\u00e9s sur la liste des transferts mais r\u00e9ticents \u00e0 un exil lointain, Harit ne serait pas ferm\u00e9 \u00e0 cette possibilit\u00e9.<\/p>\n<p>Toujours selon L\u2019\u00c9quipe, aucune offre concr\u00e8te n\u2019a encore \u00e9t\u00e9 formul\u00e9e, mais des discussions existent bel et bien. L\u2019OM, qui cherche \u00e0 all\u00e9ger sa masse salariale et \u00e0 pr\u00e9parer ses prochaines recrues, ne s\u2019opposerait pas \u00e0 un d\u00e9part si une solution financi\u00e8rement viable se pr\u00e9sentait.<\/p>\n<p>A lire aussi :\u00a0<a href=\"https:\/\/www.footballclubdemarseille.fr\/om-actualites\/om-cest-confirme-pour-aubameyang-2.html\" rel=\"nofollow noopener\" target=\"_blank\">OM : C\u2019est confirm\u00e9 pour Aubameyang !<\/a><br \/>Pour l\u2019international marocain, le choix est clair : rester \u00e0 Marseille au risque de s\u2019enliser dans un r\u00f4le secondaire, ou franchir le pas vers une exp\u00e9rience \u00e0 l\u2019\u00e9tranger. Le <strong>march\u00e9 du Golfe<\/strong> pourrait donc repr\u00e9senter sa derni\u00e8re vraie chance de rebond avant la fin de sa carri\u00e8re au haut niveau.<\/p>\n","protected":false},"excerpt":{"rendered":"Alors que l\u2019Olympique de Marseille poursuit son travail de r\u00e9\u00e9quilibrage de l\u2019effectif, la situation d\u2019Amine Harit est d\u00e9sormais&hellip;\n","protected":false},"author":2,"featured_media":373528,"comment_status":"","ping_status":"","sticky":false,"template":"","format":"standard","meta":{"footnotes":""},"categories":[2814],"tags":[1111,11,1777,674,1011,27,884,12,882,25],"class_list":{"0":"post-373527","1":"post","2":"type-post","3":"status-publish","4":"format-standard","5":"has-post-thumbnail","7":"category-marseille","8":"tag-actu","9":"tag-actualites","10":"tag-eu","11":"tag-europe","12":"tag-fr","13":"tag-france","14":"tag-marseille","15":"tag-news","16":"tag-provence-alpes-cote-dazur","17":"tag-republique-francaise"},"share_on_mastodon":{"url":"https:\/\/pubeurope.com\/@fr\/115164402363235688","error":""},"_links":{"self":[{"href":"https:\/\/www.europesays.com\/fr\/wp-json\/wp\/v2\/posts\/373527","targetHints":{"allow":["GET"]}}],"collection":[{"href":"https:\/\/www.europesays.com\/fr\/wp-json\/wp\/v2\/posts"}],"about":[{"href":"https:\/\/www.europesays.com\/fr\/wp-json\/wp\/v2\/types\/post"}],"author":[{"embeddable":true,"href":"https:\/\/www.europesays.com\/fr\/wp-json\/wp\/v2\/users\/2"}],"replies":[{"embeddable":true,"href":"https:\/\/www.europesays.com\/fr\/wp-json\/wp\/v2\/comments?post=373527"}],"version-history":[{"count":0,"href":"https:\/\/www.europesays.com\/fr\/wp-json\/wp\/v2\/posts\/373527\/revisions"}],"wp:featuredmedia":[{"embeddable":true,"href":"https:\/\/www.europesays.com\/fr\/wp-json\/wp\/v2\/media\/373528"}],"wp:attachment":[{"href":"https:\/\/www.europesays.com\/fr\/wp-json\/wp\/v2\/media?parent=373527"}],"wp:term":[{"taxonomy":"category","embeddable":true,"href":"https:\/\/www.europesays.com\/fr\/wp-json\/wp\/v2\/categories?post=373527"},{"taxonomy":"post_tag","embeddable":true,"href":"https:\/\/www.europesays.com\/fr\/wp-json\/wp\/v2\/tags?post=373527"}],"curies":[{"name":"wp","href":"https:\/\/api.w.org\/{rel}","templated":true}]}}