{"id":373529,"date":"2025-09-07T18:21:11","date_gmt":"2025-09-07T18:21:11","guid":{"rendered":"https:\/\/www.europesays.com\/fr\/373529\/"},"modified":"2025-09-07T18:21:11","modified_gmt":"2025-09-07T18:21:11","slug":"un-palestinien-menace-de-se-jeter-dans-le-vide-pour-faire-venir-sa-famille-en-france","status":"publish","type":"post","link":"https:\/\/www.europesays.com\/fr\/373529\/","title":{"rendered":"un Palestinien menace de se jeter dans le vide pour faire venir sa famille en France"},"content":{"rendered":"<p itemprop=\"description\"><strong>Ce dimanche apr\u00e8s-midi, un important dispositif de police et de secours a \u00e9t\u00e9 d\u00e9ploy\u00e9 dans le quartier de la Part-Dieu \u00e0 Lyon.<\/strong><\/p>\n<p>Car un jeune r\u00e9fugi\u00e9 palestinien mena\u00e7ait de se jeter dans le vide depuis le dernier \u00e9tage du parking des Halles Paul-Bocuse. Il exigeait que le reste de sa famille puisse quitter Gaza pour le rejoindre en France.<\/p>\n<p>Le secteur a \u00e9t\u00e9 \u00e9vacu\u00e9, afin de permettre aux forces de l&rsquo;ordre de n\u00e9gocier avec le Gazaoui \u00e2g\u00e9 d&rsquo;une vingtaine d&rsquo;ann\u00e9es. Un repr\u00e9sentant de la Croix-Rouge est \u00e9galement intervenu pour discuter avec lui.<\/p>\n<p>Apr\u00e8s pr\u00e8s d&rsquo;une heure de n\u00e9gociations, le Palestinien a finalement accept\u00e9 de s&rsquo;\u00e9loigner de la bordure du toit et a \u00e9t\u00e9 interpell\u00e9.<\/p>\n<p>Une enqu\u00eate a \u00e9t\u00e9 ouverte.<\/p>\n","protected":false},"excerpt":{"rendered":"Ce dimanche apr\u00e8s-midi, un important dispositif de police et de secours a \u00e9t\u00e9 d\u00e9ploy\u00e9 dans le quartier de&hellip;\n","protected":false},"author":2,"featured_media":373530,"comment_status":"","ping_status":"","sticky":false,"template":"","format":"standard","meta":{"footnotes":""},"categories":[1889],"tags":[1111,11,2813,2190,2430,1109,251,1112,2811,1777,674,118,1011,27,1922,1110,1114,2428,2810,12,241,316,25,2812,517,800],"class_list":{"0":"post-373529","1":"post","2":"type-post","3":"status-publish","4":"format-standard","5":"has-post-thumbnail","7":"category-lyon","8":"tag-actu","9":"tag-actualites","10":"tag-article","11":"tag-asvel","12":"tag-auvergne-rhone-alpes","13":"tag-breves","14":"tag-culture","15":"tag-depeches","16":"tag-economique","17":"tag-eu","18":"tag-europe","19":"tag-faits-divers","20":"tag-fr","21":"tag-france","22":"tag-info","23":"tag-informations","24":"tag-infos","25":"tag-lyon","26":"tag-lyonmag","27":"tag-news","28":"tag-ol","29":"tag-politique","30":"tag-republique-francaise","31":"tag-sociale","32":"tag-sport","33":"tag-transports"},"share_on_mastodon":{"url":"https:\/\/pubeurope.com\/@fr\/115164406328810804","error":""},"_links":{"self":[{"href":"https:\/\/www.europesays.com\/fr\/wp-json\/wp\/v2\/posts\/373529","targetHints":{"allow":["GET"]}}],"collection":[{"href":"https:\/\/www.europesays.com\/fr\/wp-json\/wp\/v2\/posts"}],"about":[{"href":"https:\/\/www.europesays.com\/fr\/wp-json\/wp\/v2\/types\/post"}],"author":[{"embeddable":true,"href":"https:\/\/www.europesays.com\/fr\/wp-json\/wp\/v2\/users\/2"}],"replies":[{"embeddable":true,"href":"https:\/\/www.europesays.com\/fr\/wp-json\/wp\/v2\/comments?post=373529"}],"version-history":[{"count":0,"href":"https:\/\/www.europesays.com\/fr\/wp-json\/wp\/v2\/posts\/373529\/revisions"}],"wp:featuredmedia":[{"embeddable":true,"href":"https:\/\/www.europesays.com\/fr\/wp-json\/wp\/v2\/media\/373530"}],"wp:attachment":[{"href":"https:\/\/www.europesays.com\/fr\/wp-json\/wp\/v2\/media?parent=373529"}],"wp:term":[{"taxonomy":"category","embeddable":true,"href":"https:\/\/www.europesays.com\/fr\/wp-json\/wp\/v2\/categories?post=373529"},{"taxonomy":"post_tag","embeddable":true,"href":"https:\/\/www.europesays.com\/fr\/wp-json\/wp\/v2\/tags?post=373529"}],"curies":[{"name":"wp","href":"https:\/\/api.w.org\/{rel}","templated":true}]}}