{"id":373542,"date":"2025-09-07T18:29:14","date_gmt":"2025-09-07T18:29:14","guid":{"rendered":"https:\/\/www.europesays.com\/fr\/373542\/"},"modified":"2025-09-07T18:29:14","modified_gmt":"2025-09-07T18:29:14","slug":"donald-trump-appelle-a-des-sanctions-contre-moscou","status":"publish","type":"post","link":"https:\/\/www.europesays.com\/fr\/373542\/","title":{"rendered":"Donald Trump appelle \u00e0 des sanctions contre Moscou"},"content":{"rendered":"<p class=\"article-p mdl\">L\u2019Ukraine a subi <strong>une nuit de bombardements sans pr\u00e9c\u00e9dent.<\/strong> La Russie a tir\u00e9 810 drones et treize missiles sur plusieurs villes ukrainiennes, dont Kiev. L\u2019arm\u00e9e ukrainienne a pu en intercepter respectivement 747 et quatre, mais cela n\u2019a pas emp\u00each\u00e9 le b\u00e2timent o\u00f9 si\u00e8ge le gouvernement d\u2019\u00eatre touch\u00e9, ce qui est <strong>une premi\u00e8re pour un b\u00e2timent gouvernemental.<\/strong> Cinq personnes ont \u00e9t\u00e9 tu\u00e9es.<\/p>\n<p class=\"article-p mdl\">Face \u00e0 cette nuit meurtri\u00e8re,<a class=\"link\" href=\"https:\/\/www.rtl.fr\/actu\/international\/gaza-donald-trump-estime-que-plus-d-otages-retenus-par-le-hamas-pourraient-etre-morts-7900538349\" title=\"Gaza : Donald Trump estime que plus d\u2019otages retenus par le Hamas pourraient \u00eatre morts\" rel=\"nofollow noopener\" target=\"_blank\"> Donald Trump<\/a>\u00a0a assur\u00e9 \u00e0 la Maison Blanche, face \u00e0 la presse, qu\u2019il envisageait <strong>de nouvelles sanctions contre Moscou<\/strong>. Il faut dire qu\u2019en plus de cette nuit de bombardements, les efforts diplomatiques de Washington pour mettre fin aux combats se sont enlis\u00e9s ces derniers jours.<\/p>\n<p class=\"article-p mdl\">\u00ab\u00a0Le monde doit r\u00e9pondre \u00e0 cette destruction non seulement par des mots, mais par des actions. <strong>Nous devons renforcer la pression des sanctions, principalement contre le p\u00e9trole et le gaz russes\u00a0\u00bb<\/strong>, a plaid\u00e9 la Premi\u00e8re ministre ukrainienne, Ioulia Svyrydenko.<\/p>\n<p class=\"article-p mdl\">Un appel entendu par Donald Trump qui a notamment menac\u00e9 de <strong>s\u2019en prendre aux pays qui ach\u00e8tent des hydrocarbures \u00e0 la Russie<\/strong>, dans le but de saper le financement de son effort de guerre. C\u2019est d\u00e9j\u00e0 le cas pour l\u2019Inde qui subit des\u00a0<a class=\"link\" href=\"https:\/\/www.rtl.fr\/actu\/international\/droits-de-douane-pourquoi-une-partie-importante-des-taxes-de-donald-trump-a-ete-jugee-illegale-7900535598\" title=\"Droits de douane : pourquoi une partie importante des taxes de Donald Trump a \u00e9t\u00e9 jug\u00e9e ill\u00e9gale\" rel=\"nofollow noopener\" target=\"_blank\">surtaxes douani\u00e8res\u00a0<\/a>pour ce motif. Les pays de l\u2019Union europ\u00e9enne seraient \u00e9galement vis\u00e9s par le pr\u00e9sident am\u00e9ricain qui serait <strong>\u00ab\u00a0tr\u00e8s m\u00e9content\u00a0\u00bb<\/strong> de leurs achats de p\u00e9trole russe, a assur\u00e9 Volodymyr Zelensky jeudi.<\/p>\n<p class=\"article-p mdl\">Le ministre am\u00e9ricain des Finances, Scott Bessent, a assur\u00e9 que les \u00c9tats-Unis \u00e9taient \u00ab\u00a0pr\u00eats \u00e0 faire monter la pression\u00a0\u00bb sur la Russie et appelle l\u2019Europe \u00e0 faire de m\u00eame. Selon lui, <strong>\u00ab\u00a0si les \u00c9tats-Unis et l\u2019Union europ\u00e9enne peuvent se mettre d\u2019accord sur davantage de sanctions<\/strong>, sur des droits de douane sur les pays qui ach\u00e8tent le p\u00e9trole russe, <strong>l&rsquo;\u00e9conomie russe va s&rsquo;effondrer.<\/strong> Et cela va mener le pr\u00e9sident Poutine \u00e0 la table des n\u00e9gociations\u00a0\u00bb.<\/p>\n<p>    La r\u00e9daction vous recommande<\/p>\n<p class=\"s-newsletter__title\">\n                L\u2019actualit\u00e9 par la r\u00e9daction de RTL dans votre bo\u00eete mail.\n            <\/p>\n<p class=\"s-newsletter__subtitle\">\n                Gr\u00e2ce \u00e0 votre compte RTL abonnez-vous \u00e0 la newsletter RTL info pour suivre toute l&rsquo;actualit\u00e9 au quotidien\n            <\/p>\n<p>\n                                    Lire la suite\n                                <\/p>\n","protected":false},"excerpt":{"rendered":"L\u2019Ukraine a subi une nuit de bombardements sans pr\u00e9c\u00e9dent. La Russie a tir\u00e9 810 drones et treize missiles&hellip;\n","protected":false},"author":2,"featured_media":373543,"comment_status":"","ping_status":"","sticky":false,"template":"","format":"standard","meta":{"footnotes":""},"categories":[1591],"tags":[11,75,1887,107,131,11229,1916,12,1885,1886,132,220,364,135,134],"class_list":{"0":"post-373542","1":"post","2":"type-post","3":"status-publish","4":"format-standard","5":"has-post-thumbnail","7":"category-russie","8":"tag-actualites","9":"tag-donald-trump","10":"tag-federation-de-russie","11":"tag-fil-info","12":"tag-guerre-en-ukraine","13":"tag-kiev","14":"tag-moscou","15":"tag-news","16":"tag-russia","17":"tag-russian-federation","18":"tag-russie","19":"tag-ukraine","20":"tag-union-europeenne","21":"tag-vladimir-poutine","22":"tag-volodymyr-zelensky"},"share_on_mastodon":{"url":"https:\/\/pubeurope.com\/@fr\/115164437786850511","error":""},"_links":{"self":[{"href":"https:\/\/www.europesays.com\/fr\/wp-json\/wp\/v2\/posts\/373542","targetHints":{"allow":["GET"]}}],"collection":[{"href":"https:\/\/www.europesays.com\/fr\/wp-json\/wp\/v2\/posts"}],"about":[{"href":"https:\/\/www.europesays.com\/fr\/wp-json\/wp\/v2\/types\/post"}],"author":[{"embeddable":true,"href":"https:\/\/www.europesays.com\/fr\/wp-json\/wp\/v2\/users\/2"}],"replies":[{"embeddable":true,"href":"https:\/\/www.europesays.com\/fr\/wp-json\/wp\/v2\/comments?post=373542"}],"version-history":[{"count":0,"href":"https:\/\/www.europesays.com\/fr\/wp-json\/wp\/v2\/posts\/373542\/revisions"}],"wp:featuredmedia":[{"embeddable":true,"href":"https:\/\/www.europesays.com\/fr\/wp-json\/wp\/v2\/media\/373543"}],"wp:attachment":[{"href":"https:\/\/www.europesays.com\/fr\/wp-json\/wp\/v2\/media?parent=373542"}],"wp:term":[{"taxonomy":"category","embeddable":true,"href":"https:\/\/www.europesays.com\/fr\/wp-json\/wp\/v2\/categories?post=373542"},{"taxonomy":"post_tag","embeddable":true,"href":"https:\/\/www.europesays.com\/fr\/wp-json\/wp\/v2\/tags?post=373542"}],"curies":[{"name":"wp","href":"https:\/\/api.w.org\/{rel}","templated":true}]}}