{"id":373556,"date":"2025-09-07T18:36:13","date_gmt":"2025-09-07T18:36:13","guid":{"rendered":"https:\/\/www.europesays.com\/fr\/373556\/"},"modified":"2025-09-07T18:36:13","modified_gmt":"2025-09-07T18:36:13","slug":"le-ministere-des-affaires-etrangeres-entend-lutter-contre-la-desinformation-institutionnelle-etrangere-sur-x-en-lancant-french-response","status":"publish","type":"post","link":"https:\/\/www.europesays.com\/fr\/373556\/","title":{"rendered":"Le minist\u00e8re des affaires \u00e9trang\u00e8res entend lutter contre la d\u00e9sinformation institutionnelle \u00e9trang\u00e8re sur X, en lan\u00e7ant \u00ab\u00a0French response\u00a0\u00bb"},"content":{"rendered":"<p>                          <img loading=\"lazy\" decoding=\"async\" src=\"https:\/\/www.europesays.com\/fr\/wp-content\/uploads\/2025\/09\/ab55742_ftp-import-images-1-zkmfrihryvnd-2025-08-27t102702z-2088597177-rc2mfgago0l3-rtrmadp-3-france.jpeg\" alt=\"Jean-No\u00ebl Barrot, chef de la diplomatie fran\u00e7aise, au palais de l\u2019Elys\u00e9e, le 27\u00a0ao\u00fbt 2025.\"   width=\"664\" height=\"443\"\/>    Jean-No\u00ebl Barrot, chef de la diplomatie fran\u00e7aise, au palais de l\u2019Elys\u00e9e, le 27\u00a0ao\u00fbt 2025.  ABDUL SABOOR \/ REUTERS                          <\/p>\n<p class=\"article__paragraph  \">Le Quai d\u2019Orsay a lanc\u00e9, vendredi 5\u00a0septembre, \u00ab\u00a0French Response\u00a0\u00bb sur X. Il est pr\u00e9sent\u00e9 comme le \u00ab\u00a0compte officiel de riposte\u00a0\u00bb de la diplomatie fran\u00e7aise et a pour ambition de \u00ab\u00a0contrer les attaques fallacieuses dont [la France est] la cible\u00a0\u00bb, a d\u00e9fini le ministre des affaires \u00e9trang\u00e8res Jean-No\u00ebl Barrot, vendredi 5\u00a0septembre.<\/p>\n<p class=\"article__paragraph  \">Contact\u00e9es par Le Monde, des sources diplomatiques assurent que ce compte vise \u00ab\u00a0\u00e0 apporter une r\u00e9ponse rapide aux all\u00e9gations \u00e9trang\u00e8res hostiles en r\u00e9tablissant les faits\u00a0\u00bb et \u00e0 \u00ab\u00a0se doter d\u2019un canal d\u2019expression compl\u00e9mentaire aux comptes institutionnels existants, adapt\u00e9 \u00e0 la tonalit\u00e9 actuelle des interactions internationales\u00a0\u00bb.<\/p>\n<p class=\"article__paragraph  \">Le premier dans le viseur de la diplomatie fran\u00e7aise a \u00e9t\u00e9, vendredi, le secr\u00e9taire d\u2019Etat am\u00e9ricain, Marco Rubio, qui \u00e9voquait la reconnaissance de l\u2019Etat de Palestine par la France pr\u00e9vu en septembre \u00e0 l\u2019Assembl\u00e9e g\u00e9n\u00e9rale des Nations unies. \u00ab\u00a0La minute \u2013 le jour \u2013 o\u00f9 la France a annonc\u00e9 qu\u2019il le ferait, le Hamas s\u2019est retir\u00e9 de la table des n\u00e9gociations\u00a0\u00bb, a-t-il avanc\u00e9, alors en visite dans la capitale \u00e9quatorienne, Quito.<\/p>\n<p class=\"article__paragraph  \">\u00ab\u00a0Non, la reconnaissance d\u2019un Etat de Palestine n\u2019a pas caus\u00e9 l\u2019\u00e9chec des n\u00e9gociations portant sur la lib\u00e9ration des otages isra\u00e9liens\u00a0\u00bb, a formul\u00e9 French Response, dans cette premi\u00e8re intervention. A l\u2019appui, un premier tweet de la diplomatie isra\u00e9lienne rapportant l\u2019\u00e9chec des n\u00e9gociations, puis, cinq heures plus tard, l\u2019annonce par Emmanuel Macron, le 29\u00a0juillet sur X, de la prochaine reconnaissance d\u2019un Etat de Palestine.<\/p>\n<p>                                       Lire aussi |  Article r\u00e9serv\u00e9 \u00e0 nos abonn\u00e9s  <a href=\"https:\/\/www.lemonde.fr\/international\/article\/2025\/08\/26\/la-rentree-sous-haute-tension-de-la-diplomatie-francaise-de-l-ukraine-aux-relations-franco-americaines-en-passant-par-le-conflit-israelo-palestinien_6635163_3210.html\" class=\"js-article-read-also catcher--favoris__link\" data-premium=\"1\" id=\"article-title-3435358\" rel=\"nofollow noopener\" target=\"_blank\">La rentr\u00e9e sous haute tension de la diplomatie fran\u00e7aise\u00a0: Ukraine, Palestine ou relations avec les Etats-Unis<\/a>    <\/p>\n<p>   Lire plus tard  <\/p>\n<p>                          Une communication offensive dans le dossier proche-oriental                    <\/p>\n<p class=\"article__paragraph  \">Le Quai d\u2019Orsay souligne que l\u2019absence d\u2019accord sur les otages est imputable au Hamas, comme l\u2019ont reconnu diff\u00e9rents pays dans <a href=\"https:\/\/www.diplomatie.gouv.fr\/en\/country-files\/israel-palestinian-territories\/news\/2025\/article\/united-nations-high-level-international-conference-new-york-declaration-on-the\" target=\"_blank\" rel=\"noopener nofollow\" title=\"Nouvelle fen\u00eatre\">une d\u00e9claration<\/a> apr\u00e8s la conf\u00e9rence copr\u00e9sid\u00e9e par Paris et Riyad \u00ab\u00a0sur le r\u00e8glement pacifique de la question de Palestine et la mise en \u0153uvre de la solution \u00e0 deux Etats\u00a0\u00bb et comme l\u2019a \u00e9crit l\u2019\u00e9missaire am\u00e9ricain Steve Witkoff le 24\u00a0juillet\u00a0: \u00ab\u00a0Nous avons d\u00e9cid\u00e9 de rapatrier notre \u00e9quipe de Doha pour des consultations \u00e0 la suite de la derni\u00e8re r\u00e9action du Hamas, qui t\u00e9moigne clairement d\u2019un manque de volont\u00e9 de parvenir \u00e0 un cessez-le-feu \u00e0 Gaza. Malgr\u00e9 les efforts consid\u00e9rables d\u00e9ploy\u00e9s par les m\u00e9diateurs, le Hamas ne semble ni coordonn\u00e9 ni de bonne foi.\u00a0\u00bb<\/p>\n<p class=\"article__paragraph  \">Ce compte X s\u2019inscrit dans une volont\u00e9 de la diplomatie fran\u00e7aise de r\u00e9pondre publiquement aux attaques, en particulier sur ce dossier proche-oriental. A la fin ao\u00fbt, Emmanuel Macron avait r\u00e9pondu fermement dans un courrier de six pages au premier ministre isra\u00e9lien, Benyamin N\u00e9tanyahou, qui l\u2019accusait d\u2019alimenter le \u00ab\u00a0feu antis\u00e9mite\u00a0\u00bb en annon\u00e7ant une prochaine reconnaissance de l\u2019Etat de Palestine. Le pr\u00e9sident de la R\u00e9publique d\u00e9non\u00e7ait alors l\u2019\u00ab\u00a0instrumentalisation\u00a0\u00bb de l\u2019antis\u00e9mitisme par le chef du gouvernement de l\u2019Etat h\u00e9breu, qu\u2019il appelait \u00ab\u00a0\u00e0 sortir de la fuite en avant meurtri\u00e8re et ill\u00e9gale d\u2019une guerre permanente \u00e0 Gaza\u00a0\u00bb.<\/p>\n<p>                                       Lire aussi |  Article r\u00e9serv\u00e9 \u00e0 nos abonn\u00e9s  <a href=\"https:\/\/www.lemonde.fr\/international\/article\/2025\/08\/26\/emmanuel-macron-repond-a-benyamin-netanyahou-le-texte-de-la-lettre-envoyee-par-le-president-francais_6635773_3210.html\" class=\"js-article-read-also catcher--favoris__link\" data-premium=\"1\" id=\"article-title-3435558\" rel=\"nofollow noopener\" target=\"_blank\">Emmanuel Macron r\u00e9pond \u00e0 Benyamin N\u00e9tanyahou\u00a0: le texte de la lettre envoy\u00e9e par le pr\u00e9sident de la R\u00e9publique<\/a>    <\/p>\n<p>   Lire plus tard  <\/p>\n<p class=\"author__detail\">  Le Monde  <\/p>\n<p>                  <a href=\"https:\/\/www.lemonde.fr\/syndication\/\" class=\"reuse__content\" title=\"R\u00e9utiliser ce contenu\" target=\"_blank\" rel=\"nofollow noopener\">R\u00e9utiliser ce contenu<\/a>      <\/p>\n","protected":false},"excerpt":{"rendered":"Jean-No\u00ebl Barrot, chef de la diplomatie fran\u00e7aise, au palais de l\u2019Elys\u00e9e, le 27\u00a0ao\u00fbt 2025. ABDUL SABOOR \/ REUTERS&hellip;\n","protected":false},"author":2,"featured_media":373557,"comment_status":"","ping_status":"","sticky":false,"template":"","format":"standard","meta":{"footnotes":""},"categories":[2],"tags":[11,1011,27,12,25],"class_list":{"0":"post-373556","1":"post","2":"type-post","3":"status-publish","4":"format-standard","5":"has-post-thumbnail","7":"category-actualites","8":"tag-actualites","9":"tag-fr","10":"tag-france","11":"tag-news","12":"tag-republique-francaise"},"share_on_mastodon":{"url":"https:\/\/pubeurope.com\/@fr\/115164465395778365","error":""},"_links":{"self":[{"href":"https:\/\/www.europesays.com\/fr\/wp-json\/wp\/v2\/posts\/373556","targetHints":{"allow":["GET"]}}],"collection":[{"href":"https:\/\/www.europesays.com\/fr\/wp-json\/wp\/v2\/posts"}],"about":[{"href":"https:\/\/www.europesays.com\/fr\/wp-json\/wp\/v2\/types\/post"}],"author":[{"embeddable":true,"href":"https:\/\/www.europesays.com\/fr\/wp-json\/wp\/v2\/users\/2"}],"replies":[{"embeddable":true,"href":"https:\/\/www.europesays.com\/fr\/wp-json\/wp\/v2\/comments?post=373556"}],"version-history":[{"count":0,"href":"https:\/\/www.europesays.com\/fr\/wp-json\/wp\/v2\/posts\/373556\/revisions"}],"wp:featuredmedia":[{"embeddable":true,"href":"https:\/\/www.europesays.com\/fr\/wp-json\/wp\/v2\/media\/373557"}],"wp:attachment":[{"href":"https:\/\/www.europesays.com\/fr\/wp-json\/wp\/v2\/media?parent=373556"}],"wp:term":[{"taxonomy":"category","embeddable":true,"href":"https:\/\/www.europesays.com\/fr\/wp-json\/wp\/v2\/categories?post=373556"},{"taxonomy":"post_tag","embeddable":true,"href":"https:\/\/www.europesays.com\/fr\/wp-json\/wp\/v2\/tags?post=373556"}],"curies":[{"name":"wp","href":"https:\/\/api.w.org\/{rel}","templated":true}]}}