{"id":373558,"date":"2025-09-07T18:37:13","date_gmt":"2025-09-07T18:37:13","guid":{"rendered":"https:\/\/www.europesays.com\/fr\/373558\/"},"modified":"2025-09-07T18:37:13","modified_gmt":"2025-09-07T18:37:13","slug":"lopep-augmente-une-nouvelle-fois-sa-production-de-petrole","status":"publish","type":"post","link":"https:\/\/www.europesays.com\/fr\/373558\/","title":{"rendered":"l&rsquo;Opep+ augmente une nouvelle fois sa production de p\u00e9trole"},"content":{"rendered":"<p>Les huit pays de l&rsquo;Opep+ (dont l&rsquo;Arabie saoudite et la Russie) ont d\u00e9cid\u00e9 d&rsquo;augmenter la production journali\u00e8re de p\u00e9trole de 137.000 barils en octobre 2025 par rapport au niveau de septembre.<\/p>\n<p>Accentuant leur strat\u00e9gie de reconqu\u00eate des parts de march\u00e9 lanc\u00e9e en avril, Ryad, Moscou et six autres producteurs de p\u00e9trole de l&rsquo;Opep+ ont <a href=\"https:\/\/www.bfmtv.com\/economie\/entreprises\/energie\/547-000-barils-par-jour-la-russie-l-arabie-saoudite-et-l-opep-vont-augmenter-leur-production-de-petrole_AD-202508030214.html\" title=\"+ 547.000 barils par jour: la Russie, l&#039;Arabie saoudite et l&#039;Opep+ vont augmenter leur production de p\u00e9trole\" class=\"internal_link\" rel=\"nofollow noopener\" target=\"_blank\">augment\u00e9 \u00e0 nouveau<\/a> leurs quotas de production de p\u00e9trole ce dimanche 7 septembre, \u00e0 la surprise des op\u00e9rateurs.<\/p>\n<p>Les huit ministres de l&rsquo;\u00c9nergie ont d\u00e9cid\u00e9 d&rsquo;augmenter la production de 137.000 barils par jour en octobre 2025 par rapport au niveau requis en septembre, pr\u00e9cise le communiqu\u00e9 de l&rsquo;Opep. Le monde consomme environ 100 millions de barils, contenant 159 litres de p\u00e9trole, chaque jour.<\/p>\n<blockquote class=\"embed embed_quote\"><p>Pour justifier leur d\u00e9cision, il ont mis en avant \u00ab\u00a0des perspectives \u00e9conomiques mondiales stables et des fondamentaux de march\u00e9 actuellement sains.\u00a0\u00bb<\/p><\/blockquote>\n<p>L&rsquo;Organisation des pays exportateurs de p\u00e9trole et ses alli\u00e9s (Opep+) qui a longtemps lutt\u00e9 contre l&rsquo;\u00e9rosion des prix en organisant une rar\u00e9faction de l&rsquo;offre via plusieurs coupes de production, a op\u00e9r\u00e9 un tournant depuis avril en augmentant rapidement ses quotas.<\/p>\n<p>Une surprise pour les analystes<\/p>\n<p>L&rsquo;Arabie saoudite, la Russie, l&rsquo;Irak, les Emirats arabes unis, le Kowe\u00eft, le Kazakhstan, Oman et l&rsquo;Alg\u00e9rie, qui ont d\u00e9j\u00e0 r\u00e9hauss\u00e9 leur production de 2,2 millions de barils par jour, entament d\u00e9sormais un nouveau cycle qui pourrait voir jusqu&rsquo;\u00e0 1,65 million de barils par jour revenir sur le march\u00e9.<\/p>\n<blockquote class=\"embed embed_quote\"><p>\u00ab\u00a0Les 1,65 million de barils par jour pourraient \u00eatre r\u00e9tablis en partie ou en totalit\u00e9, et de mani\u00e8re progressive, en fonction de l&rsquo;\u00e9volution des conditions du march\u00e9\u00a0\u00bb, peut-on lire dans le communiqu\u00e9 du groupe.<\/p><\/blockquote>\n<p>Avec une demande d&rsquo;or noir traditionnellement en baisse au quatri\u00e8me semestre, les analystes \u00e9taient quasiment unanimes voici une semaine pour dire que l&rsquo;Opep+ se dirigeait vers un statu quo en octobre pour \u00e9viter la d\u00e9gringolade des cours avec un march\u00e9 p\u00e9trolier inond\u00e9.<\/p>\n<p>Mercredi, Reuters avait rapport\u00e9 que les pays de l&rsquo;Opep+ pourraient augmenter leur production. Dans le sillage de ces informations, le Brent a recul\u00e9 de 2,18%.<\/p>\n","protected":false},"excerpt":{"rendered":"Les huit pays de l&rsquo;Opep+ (dont l&rsquo;Arabie saoudite et la Russie) ont d\u00e9cid\u00e9 d&rsquo;augmenter la production journali\u00e8re de&hellip;\n","protected":false},"author":2,"featured_media":373559,"comment_status":"","ping_status":"","sticky":false,"template":"","format":"standard","meta":{"footnotes":""},"categories":[2],"tags":[11,1011,27,12,25],"class_list":{"0":"post-373558","1":"post","2":"type-post","3":"status-publish","4":"format-standard","5":"has-post-thumbnail","7":"category-actualites","8":"tag-actualites","9":"tag-fr","10":"tag-france","11":"tag-news","12":"tag-republique-francaise"},"share_on_mastodon":{"url":"https:\/\/pubeurope.com\/@fr\/115164469331571920","error":""},"_links":{"self":[{"href":"https:\/\/www.europesays.com\/fr\/wp-json\/wp\/v2\/posts\/373558","targetHints":{"allow":["GET"]}}],"collection":[{"href":"https:\/\/www.europesays.com\/fr\/wp-json\/wp\/v2\/posts"}],"about":[{"href":"https:\/\/www.europesays.com\/fr\/wp-json\/wp\/v2\/types\/post"}],"author":[{"embeddable":true,"href":"https:\/\/www.europesays.com\/fr\/wp-json\/wp\/v2\/users\/2"}],"replies":[{"embeddable":true,"href":"https:\/\/www.europesays.com\/fr\/wp-json\/wp\/v2\/comments?post=373558"}],"version-history":[{"count":0,"href":"https:\/\/www.europesays.com\/fr\/wp-json\/wp\/v2\/posts\/373558\/revisions"}],"wp:featuredmedia":[{"embeddable":true,"href":"https:\/\/www.europesays.com\/fr\/wp-json\/wp\/v2\/media\/373559"}],"wp:attachment":[{"href":"https:\/\/www.europesays.com\/fr\/wp-json\/wp\/v2\/media?parent=373558"}],"wp:term":[{"taxonomy":"category","embeddable":true,"href":"https:\/\/www.europesays.com\/fr\/wp-json\/wp\/v2\/categories?post=373558"},{"taxonomy":"post_tag","embeddable":true,"href":"https:\/\/www.europesays.com\/fr\/wp-json\/wp\/v2\/tags?post=373558"}],"curies":[{"name":"wp","href":"https:\/\/api.w.org\/{rel}","templated":true}]}}