{"id":373562,"date":"2025-09-07T18:39:18","date_gmt":"2025-09-07T18:39:18","guid":{"rendered":"https:\/\/www.europesays.com\/fr\/373562\/"},"modified":"2025-09-07T18:39:18","modified_gmt":"2025-09-07T18:39:18","slug":"le-suedois-hugo-townsend-vainqueur-en-pologne-oihan-guillamoundeguy-enchaine","status":"publish","type":"post","link":"https:\/\/www.europesays.com\/fr\/373562\/","title":{"rendered":"Le Su\u00e9dois Hugo Townsend vainqueur en Pologne, Oihan Guillamoundeguy encha\u00eene"},"content":{"rendered":"<p>\t\t\t\t\t\t<img width=\"770\" height=\"560\" src=\"https:\/\/www.europesays.com\/fr\/wp-content\/uploads\/2025\/04\/afp__20250320__2205988203__v1__highres__delhichallenge2025dayone-770x560.jpg\" class=\"img-responsive wp-post-image\" alt=\"\" decoding=\"async\" fetchpriority=\"high\"  \/>\t\t\t\t\t<\/p>\n<p>\t\t\t\t\t\t Partager cet article <\/p>\n<p class=\"screen-reader-text juiz_sps_maybe_hidden_text\">Partager la publication \u00ab\u00a0Le Su\u00e9dois Hugo Townsend vainqueur en Pologne, Oihan Guillamoundeguy encha\u00eene\u00a0\u00bb<\/p>\n<p><strong>Le Su\u00e9dois Hugo Townsend a remport\u00e9 le Rosa Challenge Tour, la 24e \u00e9tape de la saison sur l\u2019HotelPlanner Tour (ex Challenge Tour), en r\u00e9sistant au retour de son compatriote Tobias Jonsson. Le meilleur Fran\u00e7ais en Pologne est une fois encore Oihan Guillamoundeguy qui conforte sa 2e place \u00e0 la Road to Mallorca.<\/strong><\/p>\n<p>\t\t\t\t\t<a id=\"160863\" href=\"https:\/\/eu.ping.com\/fr-fr\/clubs\/drivers\" target=\"_blank\" rel=\"sponsorised nofollow noopener\"><img decoding=\"async\" src=\"data:image\/svg+xml,%3Csvg%20xmlns=\" http:=\"\" class=\"img-responsive\" alt=\"\" data-lazy-src=\"https:\/\/www.europesays.com\/fr\/wp-content\/uploads\/2025\/04\/ping-e01-bois-g440-1170x275-1.jpg\"\/><\/a><\/p>\n<p>Parti seul en t\u00eate avant le dernier tour avec cinq coups d\u2019avance sur son premier poursuivant, <strong>Hugo Townsend<\/strong> n\u2019a pas failli. Mais il a trembl\u00e9. N\u00e9 \u00e0 Dublin d\u2019un p\u00e8re anglais et d\u2019une m\u00e8re su\u00e9doise, il s\u2019est offert son premier succ\u00e8s sur l\u2019<strong>HotelPlanner Tour<\/strong>, son deuxi\u00e8me seulement sur les diff\u00e9rents circuits professionnels apr\u00e8s une victoire l\u2019an pass\u00e9 sur la Nordic Golf League.<\/p>\n<p>Le Su\u00e9dois conjure ainsi le mauvais sort du Challenge de C\u00e1dix, quand il avait craqu\u00e9 en mai alors qu\u2019il \u00e9tait en t\u00eate \u00e0 quatre trous de la fin mais il avait fini par trois bogeys.\u00a0<\/p>\n<p>Nouveau top 10 pour <strong>Guillamoundeguy<\/strong><\/p>\n<p>Cette fois il a su r\u00e9sister au retour de son compatriote <strong>Tobias Jonsson<\/strong>, auteur d\u2019un 65, et de l\u2019Allemand <strong>Anton<\/strong> <strong>Albers<\/strong> qui s\u2019est rapproch\u00e9 \u00e0 un coup \u00e0 la faveur d\u2019un birdie au 16. Townsend a r\u00e9ussi un birdie au 14 pour se redonner de l\u2019air et a fait la diff\u00e9rence avec un nouveau birdie au 17.<\/p>\n<p>Les Fran\u00e7ais ont connu des sorts d\u00e9licats dans ce dernier tour.<\/p>\n<p><strong>Romain Wattel<\/strong>, en t\u00eate apr\u00e8s deux tours, est pass\u00e9 un peu \u00e0 c\u00f4t\u00e9 de son week-end. Il termine par une derni\u00e8re carte au-dessus du par (74, +4) qui le rejette au 20e rang.<\/p>\n<p>Le meilleur Fran\u00e7ais de la semaine est encore une fois <strong>Oihan Guillamoundeguy<\/strong>, qui encha\u00eene les bonnes places sur cette deuxi\u00e8me division du DP World Tour. Tr\u00e8s bien parti dans ce dernier trour (-3 apr\u00e8s 7 trous), il a un peu coinc\u00e9 lors des deux derniers tiers du parcours, mais il s\u2019offre un nouveau top 10 (8e).<\/p>\n<p><strong>Cl\u00e9ment Charmasson<\/strong>, <strong>F\u00e9lix Mory<\/strong> et <strong>Andoni Etchenique<\/strong> ont eux aussi souffert dans ce dernier acte qu\u2019ils ont jou\u00e9 au-dessus du par.<\/p>\n<p>\t\t\t\t\t<a id=\"179385\" href=\"https:\/\/tickets.europeantour.com\/eut\/#\/c6906933-bb43-434b-a22d-0ae172a572d4\/shop\/custom-pack?fac=EUT&amp;locale=fr&amp;skin=pgaetodf&amp;utm_campaign=ODF&amp;utm_content=Ticketing&amp;utm_medium=Web&amp;utm_source=Partner&amp;utm_term=PavonGolfPlanete\" target=\"_blank\" rel=\"sponsorised nofollow noopener\"><img decoding=\"async\" src=\"data:image\/svg+xml,%3Csvg%20xmlns=\" http:=\"\" class=\"img-responsive\" alt=\"\" data-lazy-src=\"https:\/\/www.europesays.com\/fr\/wp-content\/uploads\/2025\/07\/opendefrance-e03-plateau-1407-1170x275-1.jpg\"\/><\/a><br \/>\nLe leaderboard<\/p>\n<p><img loading=\"lazy\" decoding=\"async\" class=\"alignnone size-large wp-image-184694\" src=\"data:image\/svg+xml,%3Csvg%20xmlns=\" http:=\"\" alt=\"\" width=\"770\" height=\"493\" data-lazy- data-lazy- data-lazy-src=\"https:\/\/www.europesays.com\/fr\/wp-content\/uploads\/2025\/09\/capture-decran-2025-09-07-a-16.41.49-770x493.png\"\/><\/p>\n<p>\t\t\t\t\t<a id=\"174987\" href=\"https:\/\/www.sudfrancegolf.com\/fr\/\" target=\"_blank\" rel=\"sponsorised nofollow noopener\"><img decoding=\"async\" src=\"data:image\/svg+xml,%3Csvg%20xmlns=\" http:=\"\" class=\"img-responsive\" alt=\"\" data-lazy-src=\"https:\/\/www.europesays.com\/fr\/wp-content\/uploads\/2025\/06\/giesudfrancegolf-e02-egolf-pass-2025-v2-1170x275-1.gif\"\/><\/a><\/p>\n<p>Photo Luke Walker \/ GETTY IMAGES ASIAPAC \/ Getty Images via AFP<\/p>\n","protected":false},"excerpt":{"rendered":"Partager cet article Partager la publication \u00ab\u00a0Le Su\u00e9dois Hugo Townsend vainqueur en Pologne, Oihan Guillamoundeguy encha\u00eene\u00a0\u00bb Le Su\u00e9dois&hellip;\n","protected":false},"author":2,"featured_media":20227,"comment_status":"","ping_status":"","sticky":false,"template":"","format":"standard","meta":{"footnotes":""},"categories":[1418],"tags":[1011,27,1472,60],"class_list":{"0":"post-373562","1":"post","2":"type-post","3":"status-publish","4":"format-standard","5":"has-post-thumbnail","7":"category-golf","8":"tag-fr","9":"tag-france","10":"tag-golf","11":"tag-sports"},"share_on_mastodon":{"url":"https:\/\/pubeurope.com\/@fr\/115164477065816358","error":""},"_links":{"self":[{"href":"https:\/\/www.europesays.com\/fr\/wp-json\/wp\/v2\/posts\/373562","targetHints":{"allow":["GET"]}}],"collection":[{"href":"https:\/\/www.europesays.com\/fr\/wp-json\/wp\/v2\/posts"}],"about":[{"href":"https:\/\/www.europesays.com\/fr\/wp-json\/wp\/v2\/types\/post"}],"author":[{"embeddable":true,"href":"https:\/\/www.europesays.com\/fr\/wp-json\/wp\/v2\/users\/2"}],"replies":[{"embeddable":true,"href":"https:\/\/www.europesays.com\/fr\/wp-json\/wp\/v2\/comments?post=373562"}],"version-history":[{"count":0,"href":"https:\/\/www.europesays.com\/fr\/wp-json\/wp\/v2\/posts\/373562\/revisions"}],"wp:featuredmedia":[{"embeddable":true,"href":"https:\/\/www.europesays.com\/fr\/wp-json\/wp\/v2\/media\/20227"}],"wp:attachment":[{"href":"https:\/\/www.europesays.com\/fr\/wp-json\/wp\/v2\/media?parent=373562"}],"wp:term":[{"taxonomy":"category","embeddable":true,"href":"https:\/\/www.europesays.com\/fr\/wp-json\/wp\/v2\/categories?post=373562"},{"taxonomy":"post_tag","embeddable":true,"href":"https:\/\/www.europesays.com\/fr\/wp-json\/wp\/v2\/tags?post=373562"}],"curies":[{"name":"wp","href":"https:\/\/api.w.org\/{rel}","templated":true}]}}