{"id":373567,"date":"2025-09-07T18:43:31","date_gmt":"2025-09-07T18:43:31","guid":{"rendered":"https:\/\/www.europesays.com\/fr\/373567\/"},"modified":"2025-09-07T18:43:31","modified_gmt":"2025-09-07T18:43:31","slug":"avignon-le-pontet-et-sorgues-sanctionnes-par-la-federation","status":"publish","type":"post","link":"https:\/\/www.europesays.com\/fr\/373567\/","title":{"rendered":"Avignon-Le Pontet et Sorgues sanctionn\u00e9s par la f\u00e9d\u00e9ration"},"content":{"rendered":"<p>Pour la nouvelle ann\u00e9e, Avignon-Le Pontet et Sorgues se seraient certainement bien pass\u00e9s de ces mauvaises nouvelles. Ce vendredi, la f\u00e9d\u00e9ration fran\u00e7aise de basket-ball (FFBB), par sa commission contr\u00f4le de gestion, a sanctionn\u00e9 plusieurs clubs des championnats nationaux, dont les deux bataillons majeurs du Vaucluse.<\/p>\n<p>Concernant <a href=\"https:\/\/www.laprovence.com\/article\/sports\/1776279351756715\/basket-ball-nationale-1-avignon-le-pontet-doit-encore-serrer-les-dents\" target=\"_blank\" rel=\"nofollow noopener\">Avignon-Le Pontet<\/a>, pour \u00ab\u00a0d\u00e9passement de l\u2019encadrement des charges de personnel sur la saison 2023-2024\u00a0\u00bb, \u00ab\u00a0non-respect du budget valid\u00e9 sur la saison 2023-2024\u00a0\u00bb et \u00ab\u00a0non-respect de l\u2019obligation de constitution du fonds de r\u00e9serve sur la saison 2023-2024\u00a0\u00bb, la commission a d\u00e9cid\u00e9 de retirer 2 points aux classements des phases 1 et 2, une amende de 2 000 euros et interdiction de recrutement pour \u00ab\u00a0d\u00e9passement de l\u2019encadrement des charges de personnel 2023-2024\u00a0\u00bb, \u00ab\u00a0non-respect du budget valid\u00e9 2023-2024\u00a0\u00bb, \u00ab\u00a0non-respect de l\u2019obligation de fonds de r\u00e9serve de la saison 20232024\u00a0\u00bb et \u00ab\u00a0production de documents incomplets, ou non fiables, ou ne pr\u00e9sentant pas la r\u00e9alit\u00e9 de la situation financi\u00e8re du club\u00a0\u00bb.<\/p>\n<p>R\u00e9trogradation \u00e0 titre conservatoire en championnat de Ligue r\u00e9gionale pour Sorgues<\/p>\n<p>Du c\u00f4t\u00e9 de Sorgues, suite \u00e0 la \u00ab\u00a0pr\u00e9sentation de comptes annuels diff\u00e9rents de l\u2019estimation comptable\u00a0\u00bb, il a \u00e9t\u00e9 d\u00e9cid\u00e9 d\u2019une \u00ab\u00a0r\u00e9trogradation en championnat de Ligue r\u00e9gionale \u00e0 titre conservatoire pour pr\u00e9sentation de comptes annuels diff\u00e9rents de l\u2019estimation comptable\u00a0\u00bb.<\/p>\n","protected":false},"excerpt":{"rendered":"Pour la nouvelle ann\u00e9e, Avignon-Le Pontet et Sorgues se seraient certainement bien pass\u00e9s de ces mauvaises nouvelles. Ce&hellip;\n","protected":false},"author":2,"featured_media":373568,"comment_status":"","ping_status":"","sticky":false,"template":"","format":"standard","meta":{"footnotes":""},"categories":[1414],"tags":[17,50753,1465,1464,22302,1011,27,5912,28803,50755,50754,60],"class_list":{"0":"post-373567","1":"post","2":"type-post","3":"status-publish","4":"format-standard","5":"has-post-thumbnail","7":"category-basket","8":"tag-17","9":"tag-avignon-le","10":"tag-basket","11":"tag-basketball","12":"tag-federation","13":"tag-fr","14":"tag-france","15":"tag-par","16":"tag-pontet","17":"tag-sanctionnes","18":"tag-sorgues","19":"tag-sports"},"share_on_mastodon":{"url":"https:\/\/pubeurope.com\/@fr\/115164492875441548","error":""},"_links":{"self":[{"href":"https:\/\/www.europesays.com\/fr\/wp-json\/wp\/v2\/posts\/373567","targetHints":{"allow":["GET"]}}],"collection":[{"href":"https:\/\/www.europesays.com\/fr\/wp-json\/wp\/v2\/posts"}],"about":[{"href":"https:\/\/www.europesays.com\/fr\/wp-json\/wp\/v2\/types\/post"}],"author":[{"embeddable":true,"href":"https:\/\/www.europesays.com\/fr\/wp-json\/wp\/v2\/users\/2"}],"replies":[{"embeddable":true,"href":"https:\/\/www.europesays.com\/fr\/wp-json\/wp\/v2\/comments?post=373567"}],"version-history":[{"count":0,"href":"https:\/\/www.europesays.com\/fr\/wp-json\/wp\/v2\/posts\/373567\/revisions"}],"wp:featuredmedia":[{"embeddable":true,"href":"https:\/\/www.europesays.com\/fr\/wp-json\/wp\/v2\/media\/373568"}],"wp:attachment":[{"href":"https:\/\/www.europesays.com\/fr\/wp-json\/wp\/v2\/media?parent=373567"}],"wp:term":[{"taxonomy":"category","embeddable":true,"href":"https:\/\/www.europesays.com\/fr\/wp-json\/wp\/v2\/categories?post=373567"},{"taxonomy":"post_tag","embeddable":true,"href":"https:\/\/www.europesays.com\/fr\/wp-json\/wp\/v2\/tags?post=373567"}],"curies":[{"name":"wp","href":"https:\/\/api.w.org\/{rel}","templated":true}]}}