{"id":373575,"date":"2025-09-07T18:47:15","date_gmt":"2025-09-07T18:47:15","guid":{"rendered":"https:\/\/www.europesays.com\/fr\/373575\/"},"modified":"2025-09-07T18:47:15","modified_gmt":"2025-09-07T18:47:15","slug":"un-transfert-polemique-a-failli-voir-le-jour-cet-ete","status":"publish","type":"post","link":"https:\/\/www.europesays.com\/fr\/373575\/","title":{"rendered":"Un transfert pol\u00e9mique a failli voir le jour cet \u00e9t\u00e9"},"content":{"rendered":"<p>                                            Publi\u00e9 le 07\/09\/2025 \u00e0 15h31<br \/>\n                                                                                3 minutes de lecture\n                                                                    <\/p>\n<p>F\u00e9ru de sport et plus particuli\u00e8rement de ballon rond depuis ma plus tendre enfance.<\/p>\n<p>                                            Lire la suite<\/p>\n<p>Le mercato estival de l\u00a0\u00bbOlympique Lyonnais traverse une p\u00e9riode d\u00e9licate, marqu\u00e9e par des n\u00e9gociations complexes et des obstacles financiers majeurs. Alors que le club rhodanien cherche activement \u00e0 renforcer son secteur offensif suite au d\u00e9part de <strong>Georges Mikautadze<\/strong> vers Villarreal, les dirigeants lyonnais se heurtent \u00e0 des r\u00e9alit\u00e9s \u00e9conomiques contraignantes qui compliquent leurs ambitions de recrutement. Cette situation cristallise les d\u00e9fis auxquels font face les clubs fran\u00e7ais dans un march\u00e9 des transferts de plus en plus on\u00e9reux. L&rsquo;urgence de trouver un successeur \u00e0 la hauteur des attentes devient pressante, d&rsquo;autant que <strong>Paulo Fonseca<\/strong> compte sur un renforcement offensif pour mener \u00e0 bien ses projets tactiques. Les supporters lyonnais, habitu\u00e9s aux grandes man\u0153uvres mercato, observent avec inqui\u00e9tude cette p\u00e9riode d&rsquo;incertitude qui pourrait impacter les performances de leur \u00e9quipe d\u00e8s l&rsquo;entame de la nouvelle saison.<\/p>\n<p>                                <img decoding=\"async\" src=\"https:\/\/www.europesays.com\/fr\/wp-content\/uploads\/2025\/04\/1744123449_543_logo.png\" alt=\"Logo\"\/><\/p>\n<p>100\u20ac offerts sur ton 1er pari !<\/p>\n<p>                            <a href=\"https:\/\/bit.ly\/4j5wl4k\" class=\"headband-button\" rel=\"nofollow noopener\" target=\"_blank\">J&rsquo;en profite<\/a><\/p>\n<p>                                                                <img loading=\"lazy\" decoding=\"async\" src=\"https:\/\/www.europesays.com\/fr\/wp-content\/uploads\/2025\/09\/mercato-asse-un-transfert-polemique-a-failli-voir-le-jour-cet-ete.jpg\" alt=\"Illustration : &quot;Mercato ASSE : Un transfert pol\u00e9mique a failli voir le jour cet \u00e9t\u00e9 &quot;\" class=\"figure-img img-fluid\" width=\"780\" height=\"478\"\/><\/p>\n<p>                                    \u00a9 Site officiel de l&rsquo;ASSE                                <\/p>\n<p>La qu\u00eate d\u00e9sesp\u00e9r\u00e9e d&rsquo;un nouveau num\u00e9ro 9<\/p>\n<p>Le vide laiss\u00e9 par le d\u00e9part de <strong>Mikautadze<\/strong> vers l&rsquo;Espagne repr\u00e9sente un d\u00e9fi majeur pour l&rsquo;\u00e9tat-major lyonnais, qui doit rapidement identifier et recruter un avant-centre capable de r\u00e9pondre aux exigences du championnat fran\u00e7ais. Les qualit\u00e9s modernes de l&rsquo;ancien buteur lyonnais, alliant technique et efficacit\u00e9 devant le but, \u00e9tablissent un standard \u00e9lev\u00e9 pour son successeur. <strong>Paulo Fonseca<\/strong> a clairement exprim\u00e9 ses besoins en mati\u00e8re de profil offensif, privil\u00e9giant un joueur polyvalent capable de s&rsquo;int\u00e9grer dans son syst\u00e8me de jeu. Les dirigeants lyonnais multiplient les contacts et explorent diverses pistes, conscients que le temps joue contre eux dans cette course contre la montre. L&rsquo;enjeu d\u00e9passe la simple acquisition d&rsquo;un joueur : il s&rsquo;agit de maintenir la comp\u00e9titivit\u00e9 de l&rsquo;\u00e9quipe et de r\u00e9pondre aux ambitions affich\u00e9es en d\u00e9but de saison. Cette recherche intensive r\u00e9v\u00e8le \u00e9galement la pression exerc\u00e9e par un public lyonnais exigeant, habitu\u00e9 \u00e0 voir son club rivaliser avec les meilleures formations europ\u00e9ennes.<\/p>\n<p>L&rsquo;\u00e9chec des n\u00e9gociations avec Saint-\u00c9tienne<\/p>\n<p>Les discussions entre l&rsquo;OL et l&rsquo;ASSE concernant <strong>Lucas Stassin<\/strong> illustrent parfaitement les difficult\u00e9s rencontr\u00e9es sur le march\u00e9 des transferts actuel. Le jeune attaquant belge, dont la progression dans le Forez a attir\u00e9 l&rsquo;attention de nombreux observateurs, repr\u00e9sentait une cible id\u00e9ale pour les Lyonnais en qu\u00eate de sang neuf. Cependant, les exigences financi\u00e8res st\u00e9phanoises, \u00e9valu\u00e9es \u00e0 <strong>30 millions d&rsquo;euros<\/strong> selon L&rsquo;\u00c9quipe, ont rapidement refroidi les ardeurs lyonnaises. Cette somme astronomique, repr\u00e9sentant la quasi-totalit\u00e9 des fonds obtenus lors de la vente de Mikautadze, d\u00e9montre l&rsquo;inflation galopante qui caract\u00e9rise le march\u00e9 des jeunes talents prometteurs. La concurrence s&rsquo;intensifie autour du buteur belge, avec notamment l&rsquo;int\u00e9r\u00eat du <strong>Stade Rennais<\/strong> et une offre cons\u00e9quente du <strong>Paris FC<\/strong>, compliquant davantage les n\u00e9gociations. Cette situation met en lumi\u00e8re les contraintes budg\u00e9taires auxquelles font face m\u00eame les clubs historiques fran\u00e7ais, oblig\u00e9s de composer avec des moyens limit\u00e9s face \u00e0 des valorisations toujours plus \u00e9lev\u00e9es.<\/p>\n<p>Entre ambitions sportives et r\u00e9alit\u00e9s financi\u00e8res<\/p>\n<p>Le retour de <strong>Rachid Ghezzal<\/strong> dans l&rsquo;effectif lyonnais t\u00e9moigne de la volont\u00e9 du club de maintenir un niveau d&rsquo;exigence \u00e9lev\u00e9 malgr\u00e9 les contraintes \u00e9conomiques. Ce joueur exp\u00e9riment\u00e9, reconnu pour sa ma\u00eetrise des coups de pied arr\u00eat\u00e9s et sa cr\u00e9ativit\u00e9 offensive, apporte une dimension technique appr\u00e9ciable au secteur offensif. N\u00e9anmoins, son profil ne comble pas le besoin sp\u00e9cifique d&rsquo;un avant-centre pur, laissant cette probl\u00e9matique enti\u00e8re pour les dirigeants lyonnais. L&rsquo;\u00e9quilibre d\u00e9licat entre ambitions sportives et gestion financi\u00e8re raisonn\u00e9e devient le fil conducteur de ce mercato estival, obligeant les responsables du recrutement \u00e0 faire preuve d&rsquo;imagination et d&rsquo;opportunisme. Les n\u00e9gociations se complexifient syst\u00e9matiquement lorsque les clubs vendeurs prennent conscience de l&rsquo;int\u00e9r\u00eat lyonnais, gonflant m\u00e9caniquement leurs pr\u00e9tentions financi\u00e8res. Cette dynamique r\u00e9v\u00e8le les limites du mod\u00e8le \u00e9conomique actuel du football fran\u00e7ais, o\u00f9 m\u00eame les clubs ambitieux doivent composer avec des budgets contraints face \u00e0 une concurrence europ\u00e9enne toujours plus fortun\u00e9e.<\/p>\n<p>Tenue en \u00e9chec face \u00e0 Grenoble, l\u2019ASSE continue d\u2019occuper la premi\u00e8re place de L2 \u00e0 la tr\u00eave internationale. Pour cette saison 2025-2026, profitez de 100\u20ac offerts pour votre premi\u00e8re inscription sur Parions Sport en Ligne. <a href=\"http:\/\/bit.ly\/4hgs1yE\" rel=\"nofollow noopener\" target=\"_blank\"><strong>L\u2019ASSE championne de Ligue 2 \u00e0 l\u2019issue de la saison ? Pariez sur le sacre des Verts en Ligue 2 vous rapporte jusqu\u2019\u00e0 285\u20ac !<\/strong><\/a><\/p>\n<p><strong>Pour en profiter, c\u2019est tr\u00e8s simple :<\/strong><\/p>\n<p>&#8211;                  Cr\u00e9ez votre compte joueur en seulement 2 \u00e9tapes <a href=\"http:\/\/bit.ly\/4hgs1yE\" rel=\"nofollow noopener\" target=\"_blank\"><strong>ici<\/strong><\/a><\/p>\n<p>&#8211;                  R\u00e9alisez votre 1er d\u00e9p\u00f4t puis placez votre 1er pari (Minimum 5\u20ac)<\/p>\n<p>&#8211;                  Une fois votre 1er d\u00e9p\u00f4t et votre 1er pari r\u00e9alis\u00e9s, l\u2019int\u00e9gralit\u00e9 du montant de ce 1er pari sera cr\u00e9dit\u00e9e sur votre compte joueur dans la limite de 100\u20ac maximum et sous la forme de cr\u00e9dits de jeu non retirables. Le cr\u00e9dit s\u2019effectuera alors en une seule \u00e9tape et sous 3 jours<\/p>\n<p>Jouer comporte des risques : endettement, d\u00e9pendance\u2026 Appelez le 09 74 75 13 13 (appel non surtax\u00e9)<\/p>\n","protected":false},"excerpt":{"rendered":"Publi\u00e9 le 07\/09\/2025 \u00e0 15h31 3 minutes de lecture F\u00e9ru de sport et plus particuli\u00e8rement de ballon rond&hellip;\n","protected":false},"author":2,"featured_media":373576,"comment_status":"","ping_status":"","sticky":false,"template":"","format":"standard","meta":{"footnotes":""},"categories":[1410],"tags":[63,1011,27,60],"class_list":{"0":"post-373575","1":"post","2":"type-post","3":"status-publish","4":"format-standard","5":"has-post-thumbnail","7":"category-football","8":"tag-football","9":"tag-fr","10":"tag-france","11":"tag-sports"},"share_on_mastodon":{"url":"https:\/\/pubeurope.com\/@fr\/115164509016152310","error":""},"_links":{"self":[{"href":"https:\/\/www.europesays.com\/fr\/wp-json\/wp\/v2\/posts\/373575","targetHints":{"allow":["GET"]}}],"collection":[{"href":"https:\/\/www.europesays.com\/fr\/wp-json\/wp\/v2\/posts"}],"about":[{"href":"https:\/\/www.europesays.com\/fr\/wp-json\/wp\/v2\/types\/post"}],"author":[{"embeddable":true,"href":"https:\/\/www.europesays.com\/fr\/wp-json\/wp\/v2\/users\/2"}],"replies":[{"embeddable":true,"href":"https:\/\/www.europesays.com\/fr\/wp-json\/wp\/v2\/comments?post=373575"}],"version-history":[{"count":0,"href":"https:\/\/www.europesays.com\/fr\/wp-json\/wp\/v2\/posts\/373575\/revisions"}],"wp:featuredmedia":[{"embeddable":true,"href":"https:\/\/www.europesays.com\/fr\/wp-json\/wp\/v2\/media\/373576"}],"wp:attachment":[{"href":"https:\/\/www.europesays.com\/fr\/wp-json\/wp\/v2\/media?parent=373575"}],"wp:term":[{"taxonomy":"category","embeddable":true,"href":"https:\/\/www.europesays.com\/fr\/wp-json\/wp\/v2\/categories?post=373575"},{"taxonomy":"post_tag","embeddable":true,"href":"https:\/\/www.europesays.com\/fr\/wp-json\/wp\/v2\/tags?post=373575"}],"curies":[{"name":"wp","href":"https:\/\/api.w.org\/{rel}","templated":true}]}}