{"id":373600,"date":"2025-09-07T19:01:20","date_gmt":"2025-09-07T19:01:20","guid":{"rendered":"https:\/\/www.europesays.com\/fr\/373600\/"},"modified":"2025-09-07T19:01:20","modified_gmt":"2025-09-07T19:01:20","slug":"le-sa-xv-ne-sest-pas-amuse-a-vannes","status":"publish","type":"post","link":"https:\/\/www.europesays.com\/fr\/373600\/","title":{"rendered":"Le SA XV ne s\u2019est pas amus\u00e9 \u00e0 Vannes"},"content":{"rendered":"<p>    La r\u00e9daction vous conseille<\/p>\n<p>Pris par la puissance et la densit\u00e9 de Vannes vendredi, le SA XV est revenu bredouille de La Rabine o\u00f9 (beaucoup) d\u2019autres devraient conna\u00eetre le m\u00eame sort cette saison.<\/p>\n<p>Un constat partag\u00e9 apr&amp;egrave&#8230;<\/p>\n<p>    La r\u00e9daction vous conseille<\/p>\n<p>Pris par la puissance et la densit\u00e9 de Vannes vendredi, le SA XV est revenu bredouille de La Rabine o\u00f9 (beaucoup) d\u2019autres devraient conna\u00eetre le m\u00eame sort cette saison.<\/p>\n<p>Un constat partag\u00e9 apr\u00e8s la rencontre par le manager angoumoisin Alexandre Ruiz, apr\u00e8s avoir salu\u00e9 \u00ab\u00a0l\u2019\u00e9tat d\u2019esprit\u00a0\u00bb de ses joueurs auteurs d\u2019un 92\u00a0% de plaquages r\u00e9ussis (132 sur 144) apr\u00e8s le 94\u00a0% de Provence.<\/p>\n<p>Les Angoumoisins ont fait front face aux \u00ab\u00a0autobus\u00a0\u00bb bretons, dixit Vivien Devisme, mais ils ont subi face \u00e0 la pr\u00e9cision \u00ab\u00a0sur les zones de collision et sur le jeu au sol\u00a0\u00bb des Vannetais mise en avant par le manager angoumoisin. Sans jamais se montrer r\u00e9ellement dangereux. \u00ab\u00a0On n\u2019a pas \u00e9t\u00e9 efficace avec la possession, il n\u2019y a pas de d\u00e9bat\u00a0\u00bb, r\u00e9sumait-il.<\/p>\n<p>2. L\u2019homme du match\u00a0: Pierre-Baptiste Nuchy amateur de vid\u00e9o<\/p>\n<p>L\u2019anecdote est de Didier Pitcho, le pr\u00e9sident du SA XV, qui se souvenait vendredi soir avoir accueilli il y a plus de 15\u00a0ans au RC Soyaux Pierre-Baptiste Nuchy, alors jeune arbitre de F\u00e9d\u00e9rale\u00a0: \u00ab\u00a0Il n\u2019avait pas encore le permis et c\u2019est son p\u00e8re qui l\u2019amenait\u00a0\u00bb.<\/p>\n<p>Monsieur Nuchy a fait du chemin depuis et vendredi \u00e0 Vannes il a lanc\u00e9 avec brio le grand concours du match le plus long de la saison. Plus de deux heures entre les coups d\u2019envoi et de sifflet final, et une app\u00e9tence av\u00e9r\u00e9e pour les (tr\u00e8s longs) arbitrages vid\u00e9os puisqu\u2019il est pass\u00e9 quatre fois par le grand \u00e9cran de La Rabine apr\u00e8s des essais vannetais.<\/p>\n<p>    La r\u00e9daction vous conseille<\/p>\n<p>Deux ont \u00e9t\u00e9 accord\u00e9s, et deux refus\u00e9s, dont celui de la 79e minute du pilier Schonert, lequel r\u00e9parait l\u2019impair deux minutes plus tard en cl\u00f4turant le score apr\u00e8s une derni\u00e8re \u00e9preuve de force sur la ligne d\u2019en-but du SA XV.<\/p>\n<p>Un essai salu\u00e9 par les 12.000 spectateurs de La Rabine, hilares en r\u00e9clamant sur l\u2019air des lampions\u00a0: \u00ab\u00a0Vid\u00e9o\u00a0! Vid\u00e9o\u00a0!\u00a0\u00bb<\/p>\n<p>3. Le coup de gueule\u00a0: une cath\u00e9drale pas tr\u00e8s catholique<\/p>\n<p>Comme quoi, entre deux pichets XXL de bi\u00e8re &#8211; il est d\u00e9sormais interdit de fumer dans les stades mais pas de boire\u00a0! -, le public vannetais peut avoir de l\u2019humour. Mais avec parcimonie.<\/p>\n<p>Apr\u00e8s le match en conf\u00e9rence de presse, Alexandre Ruiz s\u2019est en effet dit d\u00e9\u00e7u par les \u00ab\u00a0broncas\u00a0\u00bb des spectateurs sur des p\u00e9nalit\u00e9s tent\u00e9es par Gl\u00e9nat puis Saubusse, rappelant que ses joueurs \u00ab\u00a0ne sont pour rien dans les d\u00e9cisions de l\u2019arbitre\u00a0\u00bb. Avant d\u2019\u00e9voquer un reportage de Canal+\u00a0vantant \u00ab\u00a0le silence de cath\u00e9drale\u00a0\u00bb que La Rabine brandit comme un mod\u00e8le de fair-play.<\/p>\n<p>Un journaliste breton lui a alors fait remarquer que les deux premi\u00e8res tentatives de p\u00e9nalit\u00e9 du SA XV avaient \u00e9t\u00e9 scrupuleusement respect\u00e9es. R\u00e9ponse cinglante et lapidaire\u00a0: \u00ab\u00a0Ah, donc du coup, c\u2019est en pourcentage qu\u2019il faut compter\u00a0!\u00a0\u00bb<\/p>\n<p>4. Le rendez-vous\u00a0: Dax lanterne rouge vif<\/p>\n<p>De retour de Vannes, le SA XV va encha\u00eener d\u00e8s vendredi prochain par la r\u00e9ception de Dax \u00e0 Chanzy. Des Landais qui pointent \u00e0 la seizi\u00e8me et derni\u00e8re place de Pro D2 avec -5 points.<\/p>\n<p>Les cinq points de p\u00e9nalit\u00e9 dont ils ont \u00e9cop\u00e9 pour \u00ab\u00a0non-respect des dispositions r\u00e9glementaires et d\u00e9cisions de la CCCP (ex-DNCG)\u00a0\u00bb. Avant de s\u2019incliner \u00e0 Valence\/Romans (36-23) puis \u00e0 domicile vendredi dernier face \u00e0 Brive (8-23), avec au passage le premier carton orange de la saison pour le Fidjien Nacika juste avant la pause.<\/p>\n<p>Avant son retour \u00e0 Chanzy, leur manager Vincent Etcheto pr\u00e9f\u00e9rait mettre en avant dans les colonnes de Sud Ouest \u00ab\u00a0le verre \u00e0 moiti\u00e9 plein\u00a0\u00bb, insistant sur \u00ab\u00a0l\u2019engagement\u00a0\u00bb de son \u00e9quipe. Reste que les Dacquois sont d\u00e9j\u00e0 sous pression puisqu\u2019apr\u00e8s Chanzy, ils recevront Oyonnax puis Vannes, deux matches entrecoup\u00e9s d\u2019un d\u00e9placement \u00e0 Provence.<\/p>\n<p>Le SA XV a lui d\u00e9j\u00e0 pris rendez-vous pour un match \u00ab\u00a0d\u00e9terminant pour savoir de quel c\u00f4t\u00e9 on penche\u00a0\u00bb, selon Jules Dubecq, de Pouillon. Le plus Landais des Angoumoisins.<\/p>\n<p>    Le pilier australien Fammausili joker m\u00e9dical du SA XV<br \/>\nLe SA XV a officialis\u00e9 dimanche le recrutement du pilier droit australien Pone Faamausili (1,96m, 135\u00a0kg) comme joker m\u00e9dical apr\u00e8s la blessure de Yassin Boutemmani, victime d\u2019une rupture du biceps en ouverture de la saison face \u00e0 Provence et indisponible au moins trois mois.<br \/>Ag\u00e9 de 28\u00a0ans, Pone Faamausili compte 7 s\u00e9lections avec l\u2019\u00e9quipe d\u2019Australie et a effectu\u00e9 toute sa carri\u00e8re sur l\u2019\u00eele continent depuis 2017, \u00e0 Melbourne puis aux Waratahs. Il \u00e9voluait la saison pass\u00e9e aux Mona Pasifika, franchise bas\u00e9e \u00e0 Auckland en Nouvelle-Z\u00e9lande qui \u00e9volue en Super Rugby.<\/p>\n","protected":false},"excerpt":{"rendered":"La r\u00e9daction vous conseille Pris par la puissance et la densit\u00e9 de Vannes vendredi, le SA XV est&hellip;\n","protected":false},"author":2,"featured_media":373601,"comment_status":"","ping_status":"","sticky":false,"template":"","format":"standard","meta":{"footnotes":""},"categories":[2],"tags":[11,1011,27,12],"class_list":{"0":"post-373600","1":"post","2":"type-post","3":"status-publish","4":"format-standard","5":"has-post-thumbnail","7":"category-actualites","8":"tag-actualites","9":"tag-fr","10":"tag-france","11":"tag-news"},"share_on_mastodon":{"url":"https:\/\/pubeurope.com\/@fr\/115164563588682841","error":""},"_links":{"self":[{"href":"https:\/\/www.europesays.com\/fr\/wp-json\/wp\/v2\/posts\/373600","targetHints":{"allow":["GET"]}}],"collection":[{"href":"https:\/\/www.europesays.com\/fr\/wp-json\/wp\/v2\/posts"}],"about":[{"href":"https:\/\/www.europesays.com\/fr\/wp-json\/wp\/v2\/types\/post"}],"author":[{"embeddable":true,"href":"https:\/\/www.europesays.com\/fr\/wp-json\/wp\/v2\/users\/2"}],"replies":[{"embeddable":true,"href":"https:\/\/www.europesays.com\/fr\/wp-json\/wp\/v2\/comments?post=373600"}],"version-history":[{"count":0,"href":"https:\/\/www.europesays.com\/fr\/wp-json\/wp\/v2\/posts\/373600\/revisions"}],"wp:featuredmedia":[{"embeddable":true,"href":"https:\/\/www.europesays.com\/fr\/wp-json\/wp\/v2\/media\/373601"}],"wp:attachment":[{"href":"https:\/\/www.europesays.com\/fr\/wp-json\/wp\/v2\/media?parent=373600"}],"wp:term":[{"taxonomy":"category","embeddable":true,"href":"https:\/\/www.europesays.com\/fr\/wp-json\/wp\/v2\/categories?post=373600"},{"taxonomy":"post_tag","embeddable":true,"href":"https:\/\/www.europesays.com\/fr\/wp-json\/wp\/v2\/tags?post=373600"}],"curies":[{"name":"wp","href":"https:\/\/api.w.org\/{rel}","templated":true}]}}