{"id":373604,"date":"2025-09-07T19:03:24","date_gmt":"2025-09-07T19:03:24","guid":{"rendered":"https:\/\/www.europesays.com\/fr\/373604\/"},"modified":"2025-09-07T19:03:24","modified_gmt":"2025-09-07T19:03:24","slug":"les-4-infos-quil-ne-fallait-pas-rater-cette-semaine","status":"publish","type":"post","link":"https:\/\/www.europesays.com\/fr\/373604\/","title":{"rendered":"Les 4 infos qu&rsquo;il ne fallait pas rater cette semaine !"},"content":{"rendered":"<p data-start=\"334\" data-end=\"638\"><strong>L\u2019actualit\u00e9 de l\u2019AS Saint-\u00c9tienne n\u2019a laiss\u00e9 aucun r\u00e9pit ces derniers jours. Cl\u00f4ture du mercato, d\u00e9part attendu de Benjamin Bouchouari, inqui\u00e9tudes autour de Mahmoud Jaber finalement lev\u00e9es et performances remarqu\u00e9es de plusieurs internationaux st\u00e9phanois : retour sur une semaine dense pour les Verts.<\/strong><\/p>\n<p data-start=\"714\" data-end=\"950\">Le march\u00e9 des transferts s\u2019est referm\u00e9 lundi 1er septembre \u00e0 20h en France. L\u2019ASSE n\u2019a pas annonc\u00e9 de recrue ni de d\u00e9part dans les derni\u00e8res heures, mais les coulisses du centre Robert-Herbin ont \u00e9t\u00e9 le th\u00e9\u00e2tre d\u2019intenses discussions.<\/p>\n<p data-start=\"952\" data-end=\"1379\">L\u2019un des dossiers les plus chauds a concern\u00e9 Lucas Stassin. L\u2019attaquant belge a suscit\u00e9 une offre concr\u00e8te du Paris FC, premi\u00e8re proposition ferme de l\u2019\u00e9t\u00e9. Si les chiffres exacts ont vari\u00e9 selon les fuites dans la presse, l\u2019offre n\u2019a pas convaincu les dirigeants st\u00e9phanois. Le board a camp\u00e9 sur une exigence avoisinant 42 millions d\u2019euros bonus compris, montant jug\u00e9 dissuasif par les Parisiens qui ont fini par se retirer.<\/p>\n<p>La cl\u00f4ture du mercato : un lundi \u00e9lectrique sans mouvement officiel<\/p>\n<p data-start=\"1381\" data-end=\"1743\">Autre feuilleton : Pierre Ekwah. Courtis\u00e9 par Levante, le milieu de 23 ans a vu son club refuser cat\u00e9goriquement une offre espagnole, pr\u00e9f\u00e9rant affirmer sa position. La fermeture du mercato en Liga \u00e0 minuit n\u2019a pas fait bouger les lignes. Ce bras de fer illustre la volont\u00e9 de Kilmer Sports de montrer son autorit\u00e9, quitte \u00e0 crisper le joueur et son entourage.<\/p>\n<p data-start=\"1745\" data-end=\"2063\">Dans le sens des arriv\u00e9es, des contacts ont eu lieu avec Enzo Bardeli (Dunkerque) pour renforcer le milieu. L\u2019op\u00e9ration n\u2019a pas abouti, consid\u00e9r\u00e9e comme un renfort \u00ab bonus \u00bb non prioritaire. \u00c0 noter aussi l\u2019arriv\u00e9e attendue de Modibo Sissoko, jeune milieu malien de 18 ans du Guidars FC, en pr\u00eat avec option d\u2019achat.<\/p>\n<p data-start=\"2065\" data-end=\"2368\">Enfin, le d\u00e9graissage reste incomplet. Dylan Batubinsika, Yvann Ma\u00e7on, Benjamin Bouchouari ou encore Ben Old n\u2019ont pas boug\u00e9. Mais avec des march\u00e9s encore ouverts en Turquie (jusqu\u2019au 12 septembre), en Arabie Saoudite (11 septembre) ou en Belgique (8 septembre), des sorties sont encore envisageables.<\/p>\n<p>Benjamin Bouchouari s\u2019envole pour la Turquie<\/p>\n<p data-start=\"2421\" data-end=\"2611\">C\u2019est l\u2019autre grande nouvelle de la semaine : Benjamin Bouchouari quitte l\u2019ASSE pour Trabzonspor. Apr\u00e8s trois saisons dans le Forez, le milieu marocain de 23 ans va d\u00e9couvrir la S\u00fcper Lig.<\/p>\n<p data-start=\"2613\" data-end=\"2841\">Le transfert se monte \u00e0 4 millions d\u2019euros fixes, assortis d\u2019un million de bonus. Une belle op\u00e9ration financi\u00e8re pour les Verts, qui avaient recrut\u00e9 le joueur au Roda JC en 2022 et \u00e9vitent ainsi un d\u00e9part libre l\u2019\u00e9t\u00e9 prochain.<\/p>\n<p data-start=\"2843\" data-end=\"3114\">Arriv\u00e9 mardi en Turquie, Bouchouari a pass\u00e9 sa visite m\u00e9dicale mercredi avant de signer son contrat. Pour l\u2019ASSE, c\u2019est une page qui se tourne : en plus de 60 matchs, il s\u2019\u00e9tait impos\u00e9 comme un \u00e9l\u00e9ment technique et \u00e9nergique du milieu, malgr\u00e9 des soucis de dos r\u00e9cents.<\/p>\n<p>Mahmoud Jaber, une frayeur sans cons\u00e9quence<\/p>\n<p data-start=\"3166\" data-end=\"3371\">Autre sujet qui a agit\u00e9 les supporters : la sortie pr\u00e9matur\u00e9e de Mahmoud Jaber samedi dernier face \u00e0 Grenoble. Le milieu isra\u00e9lien de 25 ans, remplac\u00e9 \u00e0 la pause, laissait craindre une blessure s\u00e9rieuse.<\/p>\n<p data-start=\"3373\" data-end=\"3659\">Les premi\u00e8res informations faisaient \u00e9tat d\u2019un forfait pour les matchs de qualification de la Coupe du monde avec Isra\u00ebl, renfor\u00e7ant l\u2019inqui\u00e9tude. Mais les examens se sont r\u00e9v\u00e9l\u00e9s rassurants : plus de peur que de mal. Jaber reprendra l\u2019entra\u00eenement collectif d\u00e8s la semaine prochaine.<\/p>\n<p data-start=\"3661\" data-end=\"3949\">Un soulagement pour Eirik Horneland, d\u00e9j\u00e0 priv\u00e9 de Bouchouari et dans l\u2019incertitude concernant Ekwah. Arriv\u00e9 cet \u00e9t\u00e9 du Maccabi Ha\u00effa, Jaber s\u2019est rapidement impos\u00e9 comme une pi\u00e8ce ma\u00eetresse, avec d\u00e9j\u00e0 un but inscrit en Ligue 2. Sa disponibilit\u00e9 est capitale pour la suite de la saison.<\/p>\n<p>Les internationaux st\u00e9phanois brillent \u00e0 l\u2019\u00e9tranger<\/p>\n<p data-start=\"4009\" data-end=\"4088\">Enfin, la tr\u00eave internationale a mis en lumi\u00e8re plusieurs joueurs st\u00e9phanois.<\/p>\n<p data-start=\"4090\" data-end=\"4442\">Irvin <a href=\"https:\/\/peuple-vert.fr\/joueurs\/irvin-cardona\/\" rel=\"nofollow noopener\" target=\"_blank\">Cardona<\/a> a honor\u00e9 sa premi\u00e8re s\u00e9lection avec Malte face \u00e0 la Lituanie. Titulaire, il a particip\u00e9 au match nul 1-1, sortant \u00e0 la 87e minute avant de voir son \u00e9quipe conc\u00e9der l\u2019\u00e9galisation dans le temps additionnel. S\u2019il n\u2019a pas marqu\u00e9, l\u2019attaquant des Verts, d\u00e9j\u00e0 meilleur buteur du club en Ligue 2, a v\u00e9cu une soir\u00e9e historique pour sa carri\u00e8re.<\/p>\n<p data-start=\"4444\" data-end=\"4726\">Strahinja Stojkovi\u0107, 18 ans, a lui d\u00e9but\u00e9 le tournoi \u00ab Stevan \u0106ele Viloti\u0107 \u00bb avec la Serbie U19. Titulaire lors de la large victoire 4-0 contre le Mont\u00e9n\u00e9gro, le jeune lat\u00e9ral droit a d\u00e9livr\u00e9 une passe d\u00e9cisive, confirmant ses belles dispositions depuis son arriv\u00e9e dans le Forez, m\u00eame s&rsquo;il n&rsquo;a pas encore foul\u00e9 les pelouses de Ligue 2.<\/p>\n<p data-start=\"4728\" data-end=\"5066\">Enfin, Zuriko Davitashvili a trouv\u00e9 le chemin des filets avec la G\u00e9orgie lors des qualifications pour la Coupe du monde 2026. Malgr\u00e9 la d\u00e9faite 3-2 face \u00e0 la Turquie, l\u2019ailier st\u00e9phanois a r\u00e9duit l\u2019\u00e9cart \u00e0 l\u2019heure de jeu. Une nouvelle preuve de son poids offensif, lui qui est rest\u00e9 \u00e0 l\u2019ASSE malgr\u00e9 de nombreuses sollicitations cet \u00e9t\u00e9.<\/p>\n","protected":false},"excerpt":{"rendered":"L\u2019actualit\u00e9 de l\u2019AS Saint-\u00c9tienne n\u2019a laiss\u00e9 aucun r\u00e9pit ces derniers jours. Cl\u00f4ture du mercato, d\u00e9part attendu de Benjamin&hellip;\n","protected":false},"author":2,"featured_media":373605,"comment_status":"","ping_status":"","sticky":false,"template":"","format":"standard","meta":{"footnotes":""},"categories":[9653],"tags":[1111,11,2430,1777,674,1011,27,12,25,4001],"class_list":{"0":"post-373604","1":"post","2":"type-post","3":"status-publish","4":"format-standard","5":"has-post-thumbnail","7":"category-saint-etienne","8":"tag-actu","9":"tag-actualites","10":"tag-auvergne-rhone-alpes","11":"tag-eu","12":"tag-europe","13":"tag-fr","14":"tag-france","15":"tag-news","16":"tag-republique-francaise","17":"tag-saint-etienne"},"share_on_mastodon":{"url":"https:\/\/pubeurope.com\/@fr\/115164571480578008","error":""},"_links":{"self":[{"href":"https:\/\/www.europesays.com\/fr\/wp-json\/wp\/v2\/posts\/373604","targetHints":{"allow":["GET"]}}],"collection":[{"href":"https:\/\/www.europesays.com\/fr\/wp-json\/wp\/v2\/posts"}],"about":[{"href":"https:\/\/www.europesays.com\/fr\/wp-json\/wp\/v2\/types\/post"}],"author":[{"embeddable":true,"href":"https:\/\/www.europesays.com\/fr\/wp-json\/wp\/v2\/users\/2"}],"replies":[{"embeddable":true,"href":"https:\/\/www.europesays.com\/fr\/wp-json\/wp\/v2\/comments?post=373604"}],"version-history":[{"count":0,"href":"https:\/\/www.europesays.com\/fr\/wp-json\/wp\/v2\/posts\/373604\/revisions"}],"wp:featuredmedia":[{"embeddable":true,"href":"https:\/\/www.europesays.com\/fr\/wp-json\/wp\/v2\/media\/373605"}],"wp:attachment":[{"href":"https:\/\/www.europesays.com\/fr\/wp-json\/wp\/v2\/media?parent=373604"}],"wp:term":[{"taxonomy":"category","embeddable":true,"href":"https:\/\/www.europesays.com\/fr\/wp-json\/wp\/v2\/categories?post=373604"},{"taxonomy":"post_tag","embeddable":true,"href":"https:\/\/www.europesays.com\/fr\/wp-json\/wp\/v2\/tags?post=373604"}],"curies":[{"name":"wp","href":"https:\/\/api.w.org\/{rel}","templated":true}]}}