{"id":373610,"date":"2025-09-07T19:07:39","date_gmt":"2025-09-07T19:07:39","guid":{"rendered":"https:\/\/www.europesays.com\/fr\/373610\/"},"modified":"2025-09-07T19:07:39","modified_gmt":"2025-09-07T19:07:39","slug":"toulon-frappe-fort-et-simpose-sur-la-pelouse-de-montpellier","status":"publish","type":"post","link":"https:\/\/www.europesays.com\/fr\/373610\/","title":{"rendered":"Toulon frappe fort et s\u2019impose sur la pelouse de Montpellier !"},"content":{"rendered":"<p>Ce samedi soir, le Rugby Club Toulonnais d\u00e9fiait Montpellier \u00e0 l\u2019occasion de la premi\u00e8re journ\u00e9e du Top 14.<\/p>\n<p>Et les hommes de Pierre Mignoni ont frapp\u00e9 fort pour cette premi\u00e8re de la saison.<\/p>\n<p>En effet, les Rouge et Noir l\u2019ont emport\u00e9 sur la pelouse de Montpellier sur le score de 17 \u00e0 27.<\/p>\n<p>Les Toulonnais ont marqu\u00e9 trois essais sign\u00e9s Ga\u00ebl Dr\u00e9an (7\u2032), Zach Mercer (26\u2032) et Marius Domon (32\u2032).<\/p>\n<p>Les Montpelli\u00e9rains ont marqu\u00e9 deux essais via Lenni Nouchi (45\u2032) et Tom Banks (73\u2032).<\/p>\n<p>Aucune blessure \u00e0 signaler dans le camp Toulonnais.<\/p>\n<p>Seul ombre au tableau : le carton jaune \u00e9cop\u00e9 par le pilier droit Beka Gigashvili \u00e0 la 70\u00e8me minute de jeu pour accumulation de fautes.<\/p>\n<p>Voil\u00e0 une excellente op\u00e9ration pour le Rugby Club Toulonnais.<\/p>\n<p>Pour Montpellier, il s\u2019agit d\u2019un d\u00e9but tr\u00e8s compliqu\u00e9 avec une d\u00e9faite \u00e0 domicile \u00e0 0 point.<\/p>\n<p>Pour rappel, le RCT accueillera le Castres Olympique puis le Stade Rochelais au Stade Mayol lors des deux prochains matches du Top 14.<\/p>\n","protected":false},"excerpt":{"rendered":"Ce samedi soir, le Rugby Club Toulonnais d\u00e9fiait Montpellier \u00e0 l\u2019occasion de la premi\u00e8re journ\u00e9e du Top 14.&hellip;\n","protected":false},"author":2,"featured_media":232086,"comment_status":"","ping_status":"","sticky":false,"template":"","format":"standard","meta":{"footnotes":""},"categories":[9619],"tags":[1111,11,1777,674,1011,27,12,882,25,2310],"class_list":{"0":"post-373610","1":"post","2":"type-post","3":"status-publish","4":"format-standard","5":"has-post-thumbnail","7":"category-toulon","8":"tag-actu","9":"tag-actualites","10":"tag-eu","11":"tag-europe","12":"tag-fr","13":"tag-france","14":"tag-news","15":"tag-provence-alpes-cote-dazur","16":"tag-republique-francaise","17":"tag-toulon"},"share_on_mastodon":{"url":"https:\/\/pubeurope.com\/@fr\/115164587194772493","error":""},"_links":{"self":[{"href":"https:\/\/www.europesays.com\/fr\/wp-json\/wp\/v2\/posts\/373610","targetHints":{"allow":["GET"]}}],"collection":[{"href":"https:\/\/www.europesays.com\/fr\/wp-json\/wp\/v2\/posts"}],"about":[{"href":"https:\/\/www.europesays.com\/fr\/wp-json\/wp\/v2\/types\/post"}],"author":[{"embeddable":true,"href":"https:\/\/www.europesays.com\/fr\/wp-json\/wp\/v2\/users\/2"}],"replies":[{"embeddable":true,"href":"https:\/\/www.europesays.com\/fr\/wp-json\/wp\/v2\/comments?post=373610"}],"version-history":[{"count":0,"href":"https:\/\/www.europesays.com\/fr\/wp-json\/wp\/v2\/posts\/373610\/revisions"}],"wp:featuredmedia":[{"embeddable":true,"href":"https:\/\/www.europesays.com\/fr\/wp-json\/wp\/v2\/media\/232086"}],"wp:attachment":[{"href":"https:\/\/www.europesays.com\/fr\/wp-json\/wp\/v2\/media?parent=373610"}],"wp:term":[{"taxonomy":"category","embeddable":true,"href":"https:\/\/www.europesays.com\/fr\/wp-json\/wp\/v2\/categories?post=373610"},{"taxonomy":"post_tag","embeddable":true,"href":"https:\/\/www.europesays.com\/fr\/wp-json\/wp\/v2\/tags?post=373610"}],"curies":[{"name":"wp","href":"https:\/\/api.w.org\/{rel}","templated":true}]}}