{"id":373611,"date":"2025-09-07T19:08:11","date_gmt":"2025-09-07T19:08:11","guid":{"rendered":"https:\/\/www.europesays.com\/fr\/373611\/"},"modified":"2025-09-07T19:08:11","modified_gmt":"2025-09-07T19:08:11","slug":"il-menacait-de-commettre-un-attentat-au-zevent-a-montpellier-un-jeune-de-19-ans-a-ete-interpelle-en-occitanie","status":"publish","type":"post","link":"https:\/\/www.europesays.com\/fr\/373611\/","title":{"rendered":"Il mena\u00e7ait de commettre un attentat au ZEvent \u00e0 Montpellier\u00a0: un jeune de 19 ans a \u00e9t\u00e9 interpell\u00e9 en Occitanie"},"content":{"rendered":"<p>\n                                                                Sur les r\u00e9seaux sociaux, l\u2019individu \u00e0 l\u2019origine du message avait indiqu\u00e9\u00a0: \u00ab\u00a0Je rigole au cas o\u00f9 la police a vu le message\u00a0\u00bb. C\u2019est finalement la gendarmerie qui est venue l\u2019interpeller dans l\u2019heure.\n                            <\/p>\n<p>Depuis le vendredi 5\u00a0septembre et jusqu\u2019\u00e0 ce dimanche 7\u00a0septembre se tient le ZEvent \u00e0 Montpellier.<\/p>\n<p>Un \u00e9v\u00e9nement caritatif r\u00e9unissant de nombreux streameurs qui ont pour objectif, durant l\u2019\u00e9v\u00e9nement, de r\u00e9colter un maximum d\u2019argent pour des associations (actuellement plus de 10\u00a0millions d\u2019euros \u00e0\u00a021\u00a0heures).<\/p>\n<p>Mais voil\u00e0, selon les informations de<a href=\"https:\/\/www.lagazettedenimes.fr\/justice\/2025-09-07-gard-il-annonce-qu-il-va-commettre-un-attentat-au-zevent-a-montpellier-la-gendarmerie-l-arrete-chez-lui-en\/\" target=\"_self\" rel=\"nofollow noopener\"> la Gazette de N\u00eemes, <\/a>un jeune de 19 ans aurait menac\u00e9, sur le r\u00e9seau social TikTok, ce samedi, de commettre un attentat lors de ce rendez-vous. Une vid\u00e9o qui a fait r\u00e9agir les internautes qui n\u2019ont pas manqu\u00e9 de lui signaler de mettre son \u00ab\u00a0r\u00e9veil \u00e0 5\u00a0h\u00a045\u00a0\u00bb\u00a0car \u00ab\u00a0le PSIG va venir frapper chez toi\u00a0\u00bb.<\/p>\n<p>Pour \u00ab\u00a0rigoler\u00a0\u00bb<\/p>\n<p>Rapidement, l\u2019auteur du message a r\u00e9pondu qu\u2019il rigolait \u00ab\u00a0au cas o\u00f9 la police a vu le message\u00a0\u00bb. Mais il \u00e9tait trop tard. En effet, sa vid\u00e9o avait \u00e9t\u00e9 signal\u00e9e sur la plateforme en ligne Pharos, qui permet de signaler les contenus illicites.<\/p>\n<p>Le jeune homme a alors \u00e9t\u00e9 localis\u00e9 dans le Gard, avant de finalement \u00eatre interpell\u00e9 par les gendarmes dans l\u2019heure qui a suivi. Son logement\u00a0a \u00e9t\u00e9 fouill\u00e9\u00a0et le mat\u00e9riel informatique a \u00e9t\u00e9 saisi par les forces de l\u2019ordre.<\/p>\n<p>Apr\u00e8s avoir r\u00e9it\u00e9r\u00e9 en garde \u00e0 vue qu\u2019il s\u2019agissait d\u2019une blague, le suspect a\u00a0\u00e9t\u00e9 rel\u00e2ch\u00e9. Une enqu\u00eate est toujours en cours.<\/p>\n","protected":false},"excerpt":{"rendered":"Sur les r\u00e9seaux sociaux, l\u2019individu \u00e0 l\u2019origine du message avait indiqu\u00e9\u00a0: \u00ab\u00a0Je rigole au cas o\u00f9 la police&hellip;\n","protected":false},"author":2,"featured_media":373612,"comment_status":"","ping_status":"","sticky":false,"template":"","format":"standard","meta":{"footnotes":""},"categories":[9599],"tags":[1111,11,1777,674,1011,27,2208,12,2680,25],"class_list":{"0":"post-373611","1":"post","2":"type-post","3":"status-publish","4":"format-standard","5":"has-post-thumbnail","7":"category-montpellier","8":"tag-actu","9":"tag-actualites","10":"tag-eu","11":"tag-europe","12":"tag-fr","13":"tag-france","14":"tag-montpellier","15":"tag-news","16":"tag-occitanie","17":"tag-republique-francaise"},"share_on_mastodon":{"url":"https:\/\/pubeurope.com\/@fr\/115164591128911549","error":""},"_links":{"self":[{"href":"https:\/\/www.europesays.com\/fr\/wp-json\/wp\/v2\/posts\/373611","targetHints":{"allow":["GET"]}}],"collection":[{"href":"https:\/\/www.europesays.com\/fr\/wp-json\/wp\/v2\/posts"}],"about":[{"href":"https:\/\/www.europesays.com\/fr\/wp-json\/wp\/v2\/types\/post"}],"author":[{"embeddable":true,"href":"https:\/\/www.europesays.com\/fr\/wp-json\/wp\/v2\/users\/2"}],"replies":[{"embeddable":true,"href":"https:\/\/www.europesays.com\/fr\/wp-json\/wp\/v2\/comments?post=373611"}],"version-history":[{"count":0,"href":"https:\/\/www.europesays.com\/fr\/wp-json\/wp\/v2\/posts\/373611\/revisions"}],"wp:featuredmedia":[{"embeddable":true,"href":"https:\/\/www.europesays.com\/fr\/wp-json\/wp\/v2\/media\/373612"}],"wp:attachment":[{"href":"https:\/\/www.europesays.com\/fr\/wp-json\/wp\/v2\/media?parent=373611"}],"wp:term":[{"taxonomy":"category","embeddable":true,"href":"https:\/\/www.europesays.com\/fr\/wp-json\/wp\/v2\/categories?post=373611"},{"taxonomy":"post_tag","embeddable":true,"href":"https:\/\/www.europesays.com\/fr\/wp-json\/wp\/v2\/tags?post=373611"}],"curies":[{"name":"wp","href":"https:\/\/api.w.org\/{rel}","templated":true}]}}