{"id":373613,"date":"2025-09-07T19:09:10","date_gmt":"2025-09-07T19:09:10","guid":{"rendered":"https:\/\/www.europesays.com\/fr\/373613\/"},"modified":"2025-09-07T19:09:10","modified_gmt":"2025-09-07T19:09:10","slug":"montpellier-domine-dijon-sans-trembler","status":"publish","type":"post","link":"https:\/\/www.europesays.com\/fr\/373613\/","title":{"rendered":"Montpellier domine Dijon sans trembler"},"content":{"rendered":"<p>Montpellier a parfaitement lanc\u00e9 sa saison devant son public en s\u2019imposant largement face \u00e0 Dijon (30-21). Les H\u00e9raultais ont rapidement pris les devants avec une entame id\u00e9ale (7-1 apr\u00e8s 12 minutes), creusant un \u00e9cart que les Bourguignons n\u2019ont jamais pu combler. Solide en d\u00e9fense, le MHB a pu compter sur un R\u00e9mi Desbonnet imp\u00e9rial dans ses cages, auteur de 43 % d\u2019arr\u00eats. Dijon, limit\u00e9 offensivement avec seulement 6 buts inscrits en premi\u00e8re p\u00e9riode, n\u2019a pas r\u00e9ussi \u00e0 inqui\u00e9ter le collectif montpelli\u00e9rain. Le promu aura l\u2019occasion de se rattraper d\u00e8s la prochaine journ\u00e9e avec la r\u00e9ception d\u2019Aix, dans l\u2019optique d\u2019ouvrir\u00a0son compteur en Liqui Moly StarLigue.<\/p>\n","protected":false},"excerpt":{"rendered":"Montpellier a parfaitement lanc\u00e9 sa saison devant son public en s\u2019imposant largement face \u00e0 Dijon (30-21). Les H\u00e9raultais&hellip;\n","protected":false},"author":2,"featured_media":373614,"comment_status":"","ping_status":"","sticky":false,"template":"","format":"standard","meta":{"footnotes":""},"categories":[9599],"tags":[1111,11,1777,674,1011,27,2208,12,2680,25],"class_list":{"0":"post-373613","1":"post","2":"type-post","3":"status-publish","4":"format-standard","5":"has-post-thumbnail","7":"category-montpellier","8":"tag-actu","9":"tag-actualites","10":"tag-eu","11":"tag-europe","12":"tag-fr","13":"tag-france","14":"tag-montpellier","15":"tag-news","16":"tag-occitanie","17":"tag-republique-francaise"},"share_on_mastodon":{"url":"https:\/\/pubeurope.com\/@fr\/115164595077726098","error":""},"_links":{"self":[{"href":"https:\/\/www.europesays.com\/fr\/wp-json\/wp\/v2\/posts\/373613","targetHints":{"allow":["GET"]}}],"collection":[{"href":"https:\/\/www.europesays.com\/fr\/wp-json\/wp\/v2\/posts"}],"about":[{"href":"https:\/\/www.europesays.com\/fr\/wp-json\/wp\/v2\/types\/post"}],"author":[{"embeddable":true,"href":"https:\/\/www.europesays.com\/fr\/wp-json\/wp\/v2\/users\/2"}],"replies":[{"embeddable":true,"href":"https:\/\/www.europesays.com\/fr\/wp-json\/wp\/v2\/comments?post=373613"}],"version-history":[{"count":0,"href":"https:\/\/www.europesays.com\/fr\/wp-json\/wp\/v2\/posts\/373613\/revisions"}],"wp:featuredmedia":[{"embeddable":true,"href":"https:\/\/www.europesays.com\/fr\/wp-json\/wp\/v2\/media\/373614"}],"wp:attachment":[{"href":"https:\/\/www.europesays.com\/fr\/wp-json\/wp\/v2\/media?parent=373613"}],"wp:term":[{"taxonomy":"category","embeddable":true,"href":"https:\/\/www.europesays.com\/fr\/wp-json\/wp\/v2\/categories?post=373613"},{"taxonomy":"post_tag","embeddable":true,"href":"https:\/\/www.europesays.com\/fr\/wp-json\/wp\/v2\/tags?post=373613"}],"curies":[{"name":"wp","href":"https:\/\/api.w.org\/{rel}","templated":true}]}}