{"id":373616,"date":"2025-09-07T19:13:27","date_gmt":"2025-09-07T19:13:27","guid":{"rendered":"https:\/\/www.europesays.com\/fr\/373616\/"},"modified":"2025-09-07T19:13:27","modified_gmt":"2025-09-07T19:13:27","slug":"grenoble-une-soiree-mode-et-vintage-au-musee-dauphinois-ce-vendredi","status":"publish","type":"post","link":"https:\/\/www.europesays.com\/fr\/373616\/","title":{"rendered":"Grenoble. Une soir\u00e9e mode et vintage au Mus\u00e9e dauphinois ce vendredi"},"content":{"rendered":"<p>Vous rappelez-vous Karting, Dennet Barry, Anoralp, Valis\u00e8re ou Innovatex\u00a0? Ces marques is\u00e9roises, aujourd\u2019hui disparues, ont contribu\u00e9 \u00e0 la r\u00e9putation du pr\u00eat-\u00e0-porter fran\u00e7ais. Derniers t\u00e9moins de cet \u00e2ge d\u2019or du \u201cmade in Is\u00e8re\u201d, les anciennes ouvri\u00e8res de ces marques ont d\u00e9sormais plus de 80 ans.<\/p>\n<p>Les Amis du Mus\u00e9e dauphinois vont faire revivre ce patrimoine textile r\u00e9gional dans les jardins. Une exploration in\u00e9dite dans l\u2019univers des marques de mode is\u00e9roises qui ont marqu\u00e9 leur temps avant de dispara\u00eetre. Des dizaines de marques is\u00e9roises, fleurons de l\u2019\u00e2ge d\u2019or du pr\u00eat-\u00e0-porter hexagonal (1960-1990), ont en effet sombr\u00e9 dans l\u2019oubli. Ces griffes magnifiques risquent de dispara\u00eetre \u00e0 jamais, privant les futures g\u00e9n\u00e9rations d\u2019une source d\u2019inspiration inestimable. <\/p>\n<p>Un d\u00e9fil\u00e9 de mode vintage sera orchestr\u00e9 par Tinka Kemptner, fondatrice du Conservatoire de la mode vintage \u00e0 Voiron. Pr\u00e9parez-vous \u00e0 red\u00e9couvrir des collections de l\u00e9gendes de la r\u00e9gion comme Dennet Barry, Didier Ronsard, Lou, Lola, Isba, et Elsa Corelli. Venez habill\u00e9s dans la plus belle tenue vintage pour participer \u00e0 la chasse au look et gagner le livre de Tinka Kemptner Chinez votre garde-robe, guide des p\u00e9pites vintage.<\/p>\n<p class=\"note\">Vendredi 12\u00a0septembre de 19\u00a0h\u00a030 \u00e0 22\u00a0h\u00a030 au Mus\u00e9e dauphinois \u00e0 Grenoble. Tarifs : 10\/15\u00a0euros.<\/p>\n","protected":false},"excerpt":{"rendered":"Vous rappelez-vous Karting, Dennet Barry, Anoralp, Valis\u00e8re ou Innovatex\u00a0? Ces marques is\u00e9roises, aujourd\u2019hui disparues, ont contribu\u00e9 \u00e0 la&hellip;\n","protected":false},"author":2,"featured_media":373617,"comment_status":"","ping_status":"","sticky":false,"template":"","format":"standard","meta":{"footnotes":""},"categories":[9566],"tags":[1111,11,2430,1687,112,1777,674,1011,27,2731,2732,108,12,25,3140],"class_list":{"0":"post-373616","1":"post","2":"type-post","3":"status-publish","4":"format-standard","5":"has-post-thumbnail","7":"category-grenoble","8":"tag-actu","9":"tag-actualites","10":"tag-auvergne-rhone-alpes","11":"tag-culture-loisirs","12":"tag-edition-grenoble-agglomeration","13":"tag-eu","14":"tag-europe","15":"tag-fr","16":"tag-france","17":"tag-grenoble","18":"tag-grenoble-bassin","19":"tag-isere","20":"tag-news","21":"tag-republique-francaise","22":"tag-spectacle"},"share_on_mastodon":{"url":"https:\/\/pubeurope.com\/@fr\/115164610738715782","error":""},"_links":{"self":[{"href":"https:\/\/www.europesays.com\/fr\/wp-json\/wp\/v2\/posts\/373616","targetHints":{"allow":["GET"]}}],"collection":[{"href":"https:\/\/www.europesays.com\/fr\/wp-json\/wp\/v2\/posts"}],"about":[{"href":"https:\/\/www.europesays.com\/fr\/wp-json\/wp\/v2\/types\/post"}],"author":[{"embeddable":true,"href":"https:\/\/www.europesays.com\/fr\/wp-json\/wp\/v2\/users\/2"}],"replies":[{"embeddable":true,"href":"https:\/\/www.europesays.com\/fr\/wp-json\/wp\/v2\/comments?post=373616"}],"version-history":[{"count":0,"href":"https:\/\/www.europesays.com\/fr\/wp-json\/wp\/v2\/posts\/373616\/revisions"}],"wp:featuredmedia":[{"embeddable":true,"href":"https:\/\/www.europesays.com\/fr\/wp-json\/wp\/v2\/media\/373617"}],"wp:attachment":[{"href":"https:\/\/www.europesays.com\/fr\/wp-json\/wp\/v2\/media?parent=373616"}],"wp:term":[{"taxonomy":"category","embeddable":true,"href":"https:\/\/www.europesays.com\/fr\/wp-json\/wp\/v2\/categories?post=373616"},{"taxonomy":"post_tag","embeddable":true,"href":"https:\/\/www.europesays.com\/fr\/wp-json\/wp\/v2\/tags?post=373616"}],"curies":[{"name":"wp","href":"https:\/\/api.w.org\/{rel}","templated":true}]}}