{"id":373618,"date":"2025-09-07T19:15:21","date_gmt":"2025-09-07T19:15:21","guid":{"rendered":"https:\/\/www.europesays.com\/fr\/373618\/"},"modified":"2025-09-07T19:15:21","modified_gmt":"2025-09-07T19:15:21","slug":"il-faut-comprendre-comment-il-en-est-arrive-la-un-an-apres-la-mort-de-lilian-dejean-lavocat-de-laccuse-sexprime","status":"publish","type":"post","link":"https:\/\/www.europesays.com\/fr\/373618\/","title":{"rendered":"\u00ab\u00a0Il faut comprendre comment il en est arriv\u00e9 l\u00e0\u00a0\u00bb : un an apr\u00e8s la mort de Lilian Dejean, l&rsquo;avocat de l&rsquo;accus\u00e9 s&rsquo;exprime"},"content":{"rendered":"<p>Il y a un an, Lilian Dejean \u00e9tait tu\u00e9 par balle devant la mairie de Grenoble. Abdoul Diallo avait \u00e9t\u00e9 arr\u00eat\u00e9 deux mois apr\u00e8s et avait reconnu les faits. Pour son avocat, en vue du proc\u00e8s, il faut maintenant comprendre la personnalit\u00e9 d&rsquo;Abdul Diallo et son intention au moment des tirs.\n<\/p>\n<p>Le 8 septembre 2024, Lilian Dejean, un agent municipal de la ville de Grenoble, \u00e9tait <a class=\"IciLink ici-link IciArticleLink g-ici-body-regular-1 underline brand svelte-lu7k6w\" href=\"https:\/\/www.francebleu.fr\/infos\/faits-divers-justice\/coups-de-feu-a-grenoble-un-agent-municipal-entre-la-vie-et-la-mort-le-tireur-activement-recherche-2762610\" rel=\"nofollow noopener\" target=\"_blank\">tu\u00e9 par balles en tentant d&#8217;emp\u00eacher un d\u00e9lit de fuite<\/a>. L&rsquo;homme accus\u00e9 de son meurtre,\u00a0<a class=\"IciLink ici-link IciArticleLink g-ici-body-regular-1 underline brand svelte-lu7k6w\" href=\"https:\/\/www.francebleu.fr\/infos\/faits-divers-justice\/meurtre-de-lilian-dejean-les-details-de-l-arrestation-du-suspect-abdoul-diallo-8412028\" rel=\"nofollow noopener\" target=\"_blank\">Abdoul Diallo est incarc\u00e9r\u00e9 depuis 11 mois<\/a>. L&rsquo;un des avocats de l&rsquo;accus\u00e9,\u00a0Gr\u00e9goire De Petiville, a accept\u00e9 de r\u00e9pondre longuement aux questions d&rsquo;ICI Is\u00e8re, m\u00eame si, pour lui, \u00ab\u00a0il reste beaucoup moins de questions que de r\u00e9ponses dans ce dossier\u00a0\u00bb.<\/p>\n<p>L&rsquo;accus\u00e9 a \u00e9t\u00e9\u00a0<a class=\"IciLink ici-link IciArticleLink g-ici-body-regular-1 underline brand svelte-lu7k6w\" href=\"https:\/\/www.francebleu.fr\/infos\/faits-divers-justice\/grenoble-le-meurtrier-presume-de-lilian-dejean-mis-en-examen-et-place-en-detention-provisoire-2241764\" rel=\"nofollow noopener\" target=\"_blank\">arr\u00eat\u00e9 au Portugal<\/a>, plus de deux mois apr\u00e8s le meurtre, deux mois de cavale. Mais lors de son arrestation et de sa pr\u00e9sentation \u00e0 un juge d&rsquo;instruction, il a imm\u00e9diatement reconnu\u00a0avoir tir\u00e9 sur Lilian Dejean. \u00ab\u00a0C&rsquo;est la premi\u00e8re chose qui est quand m\u00eame assez importante\u00a0\u00bb souligne son avocat, \u00ab\u00a0J&rsquo;ai rencontr\u00e9 un homme qui est tr\u00e8s touch\u00e9 par ce dont il est responsable. Un homme qui, d\u00e8s le d\u00e9but, a souhait\u00e9 dire au juge qu&rsquo;il reconnaissait avoir tu\u00e9 Lilian Dejean et un homme qui en a accept\u00e9 la cons\u00e9quence, \u00e0 savoir son incarc\u00e9ration. C&rsquo;est-\u00e0-dire qu&rsquo;Abdoul Diallo sait qu&rsquo;il porte la responsabilit\u00e9 de la mort de Lilian Dejean et les cons\u00e9quences qui vont avec pour tous les proches de celui-ci\u00a0\u00bb.<\/p>\n<p>\u00ab\u00a0Abdou Diallo doit \u00eatre condamn\u00e9 justement\u00a0\u00bb<\/p>\n<p>Cet aveu de culpabilit\u00e9 est un premier pas essentiel vers une peine \u00e9quilibr\u00e9e et juste veut croire son avocat.\u00a0Gr\u00e9goire De Petiville dit craindre la pression politique autour de cette affaire\u00a0: \u00ab\u00a0la peine\u00a0n&rsquo;a pas vocation \u00e0 r\u00e9pondre aux envies r\u00e9pressives plus ou moins radicales qui ont \u00e9t\u00e9 exprim\u00e9es au d\u00e9but de la proc\u00e9dure, mais qui doit r\u00e9pondre \u00e0 des objectifs extr\u00eamement pr\u00e9cis pr\u00e9vus par le code de proc\u00e9dure p\u00e9nale\u00a0\u00bb rappelle-t-il.<\/p>\n<p>\u00ab\u00a0C&rsquo;est un dossier qui, pour diverses raisons, a fait beaucoup parler. D\u00e8s le 8 septembre, il a fait la une des m\u00e9dias jusqu&rsquo;\u00e0 son interpellation. On va d&rsquo;abord d\u00e9fendre une \u00e9vidence\u00a0: la r\u00e9pression qui sera prononc\u00e9e \u00e0 l&rsquo;\u00e9gard d&rsquo;Abdul Abdoul Diallo ne doit pas \u00eatre la r\u00e9ponse \u00e0 une \u00e9motion qui est l\u00e9gitime, ni une r\u00e9ponse \u00e0 une envie r\u00e9pressive port\u00e9e par certaines voix politiques qui, elle, est beaucoup moins l\u00e9gitime.\u00a0[&#8230;] Monsieur Abdou Diallo doit \u00eatre condamn\u00e9 justement\u00a0\u00bb insiste-t-il encore.<\/p>\n<p>La question de l&rsquo;intention du tireur au moment des coups de feu<\/p>\n<p>En pr\u00e9vision du futur proc\u00e8s, l&rsquo;avocat veut d\u00e9montrer quelle \u00e9tait l&rsquo;intention d&rsquo;Abdoul Diallo au moment o\u00f9 il a tir\u00e9 sur Lilian Dejean. \u00ab\u00a0Au moment o\u00f9 le juge l&rsquo;a interrog\u00e9, personne n&rsquo;\u00e9tait capable de dire \u00e0 quelle distance avait eu lieu le tir. Or, c&rsquo;est un \u00e9l\u00e9ment qui est quand m\u00eame tr\u00e8s important pour comprendre l&rsquo;intention d&rsquo;Abdul Diallo, lorsqu&rsquo;il tire\u00a0\u00bb d\u00e9taille Me De Petiville.<\/p>\n<p>Ce dimanche matin l\u00e0,\u00a0<a class=\"IciLink ici-link IciArticleLink g-ici-body-regular-1 underline brand svelte-lu7k6w\" href=\"https:\/\/www.francebleu.fr\/infos\/faits-divers-justice\/coups-de-feu-a-grenoble-un-agent-municipal-entre-la-vie-et-la-mort-le-tireur-activement-recherche-2762610\" rel=\"nofollow noopener\" target=\"_blank\">Lilian Dejean a \u00e9t\u00e9 abattu<\/a>\u00a0alors qu&rsquo;il intervient suite \u00e0 un accident de la route entre deux v\u00e9hicules boulevard Jean-Pain.\u00a0Selon le parquet \u00e0 l&rsquo;\u00e9poque,\u00a0\u00ab\u00a0il aurait cherch\u00e9 \u00e0 emp\u00eacher\u00a0\u00bb\u00a0le conducteur d&rsquo;une Audi, Abdoul Diallo, de prendre la fuite alors que ce dernier venait de provoquer l&rsquo;accident de la circulation, devant l&rsquo;entr\u00e9e du Stade des Alpes, en direction de Meylan.<\/p>\n<p>Un an apr\u00e8s, l&rsquo;avocat de l&rsquo;accus\u00e9 explique que \u00ab\u00a0les distances [entre les deux hommes NDLR] ne sont pas du tout \u00e9valu\u00e9es pour l&rsquo;instant. L&rsquo;intentionnalit\u00e9, ce n&rsquo;est pas la m\u00eame de tirer \u00e0 un m\u00e8tre d&rsquo;une personne ou de tirer \u00e0 25, 30 ou 35 m\u00e8tres\u00a0\u00bb. Il compte donc demander\u00a0\u00ab\u00a0un d\u00e9placement sur les lieux, peut-\u00eatre une reconstitution\u00a0\u00bb. Sachant que\u00a0la sc\u00e8ne a \u00e9t\u00e9 film\u00e9e et que \u00ab\u00a0sur le parvis du Stade des Alpes, il y a les cam\u00e9ras du tramway et les cam\u00e9ras du stade\u00a0\u00bb\u00a0mais qu&rsquo;elles ne permettent pas de voir la sc\u00e8ne \u00ab\u00a0sur un plan de face\u00a0\u00bb et \u00ab\u00a0rarement avec les deux ensemble\u00a0\u00bb.<\/p>\n<p>La personnalit\u00e9 de l&rsquo;accus\u00e9<\/p>\n<p>Enfin,\u00a0Gr\u00e9goire De Petiville insiste sur la n\u00e9cessit\u00e9 de mieux comprendre la personnalit\u00e9 de l&rsquo;accus\u00e9.\u00a0\u00ab\u00a0C&rsquo;est extr\u00eamement important, car [&#8230;] \u00e9videmment, la question se pose de savoir s&rsquo;il y a un lien entre sa personnalit\u00e9, ce qu&rsquo;il a v\u00e9cu, ces diff\u00e9rents \u00e9quilibres -psychiatrique, psychologique- et les faits qui lui sont reproch\u00e9s\u00a0\u00bb.\u00a0\u00c2g\u00e9 de 25 ans,\u00a0Abdoul Dillao a\u00a0<a class=\"IciLink ici-link IciArticleLink g-ici-body-regular-1 underline brand svelte-lu7k6w\" href=\"https:\/\/www.francebleu.fr\/infos\/faits-divers-justice\/meurtre-de-lilian-dejean-les-details-de-l-arrestation-du-suspect-abdoul-diallo-8412028\" rel=\"nofollow noopener\" target=\"_blank\">un casier judiciaire tr\u00e8s charg\u00e9.<\/a>\u00a0Incarc\u00e9r\u00e9 pour la premi\u00e8re fois \u00e0 l&rsquo;\u00e2ge de 15 ans, il compte dix-neuf condamnations \u00e0 son casier judiciaire, notamment pour violences et trafic de drogue. Au total, il a pass\u00e9 six ans en prison au cours des dix derni\u00e8res ann\u00e9es.<\/p>\n<p>Si son avocat reconnait qu'\u00a0\u00bbun\u00a0homme est mort en raison du comportement de mon client\u00a0\u00bb, il veut aussi que les investigations permettent de \u00ab\u00a0comprendre comment il en est arriv\u00e9 l\u00e0\u00a0\u00bb, ce que l&rsquo;instruction, selon lui, n&rsquo;a pas encore fait. Et de conclure, \u00a0\u00bb\u00a0je ne pense pas que ce dossier sera termin\u00e9 dans des conditions qui permettraient un proc\u00e8s avant la fin de l&rsquo;ann\u00e9e 2026&Prime;.<\/p>\n<p>\u00c0 lire aussi   <img decoding=\"async\" src=\"https:\/\/www.europesays.com\/fr\/wp-content\/uploads\/2025\/09\/1757272520_355_560x315\" alt=\"Une photo de Lilian Dejean, agent municipal tu\u00e9 \u00e0 Grenoble.\" style=\"--_image-preview:url('data:image\/jpeg;base64,\/9j\/2wBDACgcHiMeGSgjISMtKygwPGRBPDc3PHtYXUlkkYCZlo+AjIqgtObDoKrarYqMyP\/L2u71\/\/\/\/m8H\/\/\/\/6\/+b9\/\/j\/2wBDASstLTw1PHZBQXb4pYyl+Pj4+Pj4+Pj4+Pj4+Pj4+Pj4+Pj4+Pj4+Pj4+Pj4+Pj4+Pj4+Pj4+Pj4+Pj4+Pj4+Pj\/wAARCAAXACoDASIAAhEBAxEB\/8QAFwABAQEBAAAAAAAAAAAAAAAAAAEDAv\/EABYQAQEBAAAAAAAAAAAAAAAAAAAREv\/EABYBAQEBAAAAAAAAAAAAAAAAAAABAv\/EABURAQEAAAAAAAAAAAAAAAAAAAAR\/9oADAMBAAIRAxEAPwDDC5bZTLFVnkjSEBxCO4RhXZAUSEBQQEH\/2Q==');\" loading=\"lazy\" fetchpriority=\"low\" aria-hidden=\"true\" class=\"svelte-1pnmlwx rounded\" onload=\"this.__e=event\" onerror=\"this.__e=event\"\/><\/p>\n","protected":false},"excerpt":{"rendered":"Il y a un an, Lilian Dejean \u00e9tait tu\u00e9 par balle devant la mairie de Grenoble. Abdoul Diallo&hellip;\n","protected":false},"author":2,"featured_media":373619,"comment_status":"","ping_status":"","sticky":false,"template":"","format":"standard","meta":{"footnotes":""},"categories":[9566],"tags":[1111,11,2430,1777,674,1011,27,2731,12,25],"class_list":{"0":"post-373618","1":"post","2":"type-post","3":"status-publish","4":"format-standard","5":"has-post-thumbnail","7":"category-grenoble","8":"tag-actu","9":"tag-actualites","10":"tag-auvergne-rhone-alpes","11":"tag-eu","12":"tag-europe","13":"tag-fr","14":"tag-france","15":"tag-grenoble","16":"tag-news","17":"tag-republique-francaise"},"share_on_mastodon":{"url":"https:\/\/pubeurope.com\/@fr\/115164618949488696","error":""},"_links":{"self":[{"href":"https:\/\/www.europesays.com\/fr\/wp-json\/wp\/v2\/posts\/373618","targetHints":{"allow":["GET"]}}],"collection":[{"href":"https:\/\/www.europesays.com\/fr\/wp-json\/wp\/v2\/posts"}],"about":[{"href":"https:\/\/www.europesays.com\/fr\/wp-json\/wp\/v2\/types\/post"}],"author":[{"embeddable":true,"href":"https:\/\/www.europesays.com\/fr\/wp-json\/wp\/v2\/users\/2"}],"replies":[{"embeddable":true,"href":"https:\/\/www.europesays.com\/fr\/wp-json\/wp\/v2\/comments?post=373618"}],"version-history":[{"count":0,"href":"https:\/\/www.europesays.com\/fr\/wp-json\/wp\/v2\/posts\/373618\/revisions"}],"wp:featuredmedia":[{"embeddable":true,"href":"https:\/\/www.europesays.com\/fr\/wp-json\/wp\/v2\/media\/373619"}],"wp:attachment":[{"href":"https:\/\/www.europesays.com\/fr\/wp-json\/wp\/v2\/media?parent=373618"}],"wp:term":[{"taxonomy":"category","embeddable":true,"href":"https:\/\/www.europesays.com\/fr\/wp-json\/wp\/v2\/categories?post=373618"},{"taxonomy":"post_tag","embeddable":true,"href":"https:\/\/www.europesays.com\/fr\/wp-json\/wp\/v2\/tags?post=373618"}],"curies":[{"name":"wp","href":"https:\/\/api.w.org\/{rel}","templated":true}]}}