{"id":373624,"date":"2025-09-07T19:19:16","date_gmt":"2025-09-07T19:19:16","guid":{"rendered":"https:\/\/www.europesays.com\/fr\/373624\/"},"modified":"2025-09-07T19:19:16","modified_gmt":"2025-09-07T19:19:16","slug":"p1000-gpadel-strasbourg-muesser-wagner-et-motz-ledrap-se-retrouvent-en-finale","status":"publish","type":"post","link":"https:\/\/www.europesays.com\/fr\/373624\/","title":{"rendered":"P1000 GPadel Strasbourg \u2013 Muesser \/ Wagner et Motz \/ Ledrap se retrouvent en finale"},"content":{"rendered":"<p>Le <strong>P1000 GPadel Strasbourg<\/strong> tiendra son affiche entre deux paires les plus attendues, <strong>Muesser \/ Wagner<\/strong> et <strong>Motz \/ Ledrap<\/strong>, qui se sont qualifi\u00e9es et se disputeront le titre cet apr\u00e8s-midi.<\/p>\n<p>Un abandon en premi\u00e8re demi<\/p>\n<p>Dans la premi\u00e8re demi-finale, <strong>Yanis Muesser et Simon Wagner<\/strong> avaient pris un d\u00e9part parfait, menant 5\/1 face \u00e0 <strong>Coirault \/ Br\u00e9chemier<\/strong>. Mais le match a tourn\u00e9 court : <strong>Thomas Br\u00e9chemier<\/strong>, victime d\u2019une douleur au biceps, a d\u00fb abandonner pour \u00e9viter d\u2019aggraver sa blessure. Les Alsaciens n\u2019auront donc pas eu \u00e0 puiser dans leurs r\u00e9serves pour atteindre la finale.<\/p>\n<p>Motz et Ledrap solides<\/p>\n<p>La deuxi\u00e8me demi-finale a \u00e9t\u00e9 plus disput\u00e9e. <strong>Julien Motz et Guillaume Ledrap<\/strong> ont livr\u00e9 une prestation s\u00e9rieuse pour dominer <strong>Olivier \/ Baud<\/strong> 6\/3 6\/4. Apr\u00e8s un quart de finale poussif, Motz a retrouv\u00e9 de l\u2019efficacit\u00e9, tandis que <strong>Guillaume Ledrap<\/strong> s\u2019est montr\u00e9 imp\u00e9rial, dictant le jeu dans les moments importants. En face, <strong>Guillaume Olivier<\/strong> a impressionn\u00e9 au filet et <strong>Basile Baud<\/strong> a tr\u00e8s bien d\u00e9fendu, mais cela n\u2019a pas suffi \u00e0 faire vaciller la t\u00eate de s\u00e9rie 2.<\/p>\n<p>Une finale attendue \u00e0 14h<\/p>\n<p>On retrouvera donc en finale, les deux premi\u00e8res t\u00eates de s\u00e9ries: <strong>Muesser\/Wagner (ts1)<\/strong> contre <strong>Motz\/Ledrap (ts2)<\/strong>. Le match sera \u00e0 suivre <strong>en direct sur <a href=\"https:\/\/www.youtube.com\/@padelmagtv6756\" title=\"\" target=\"_blank\" rel=\"noopener\">Padel Mag TV<\/a> \u00e0 partir de 14h<\/strong>.<\/p>\n<\/p>\n<p><img loading=\"lazy\" decoding=\"async\" data-del=\"avatar\" alt=\"Benjamin Dupouy\" src=\"https:\/\/www.europesays.com\/fr\/wp-content\/uploads\/2025\/04\/IMG_5219-150x150.jpg\" class=\"avatar pp-user-avatar avatar-100 photo \" height=\"100\" width=\"100\"\/><\/p>\n<p>J\u2019ai d\u00e9couvert le padel directement lors d\u2019un tournoi, et franchement, je n\u2019ai pas trop accroch\u00e9 au d\u00e9but. Mais la deuxi\u00e8me fois, \u00e7a a \u00e9t\u00e9 le coup de foudre, et depuis, je ne rate plus un seul match. Je suis m\u00eame pr\u00eat \u00e0 rester \u00e9veill\u00e9 jusqu\u2019\u00e0 3h du matin pour regarder une finale de Premier Padel !<\/p>\n<p class=\"related-title\">Sur le m\u00eame sujet<\/p>\n","protected":false},"excerpt":{"rendered":"Le P1000 GPadel Strasbourg tiendra son affiche entre deux paires les plus attendues, Muesser \/ Wagner et Motz&hellip;\n","protected":false},"author":2,"featured_media":373625,"comment_status":"","ping_status":"","sticky":false,"template":"","format":"standard","meta":{"footnotes":""},"categories":[2820],"tags":[1111,11,1777,674,1011,27,775,12,15168,25,640],"class_list":{"0":"post-373624","1":"post","2":"type-post","3":"status-publish","4":"format-standard","5":"has-post-thumbnail","7":"category-strasbourg","8":"tag-actu","9":"tag-actualites","10":"tag-eu","11":"tag-europe","12":"tag-fr","13":"tag-france","14":"tag-grand-est","15":"tag-news","16":"tag-p1000","17":"tag-republique-francaise","18":"tag-strasbourg"},"share_on_mastodon":{"url":"https:\/\/pubeurope.com\/@fr\/115164634516204858","error":""},"_links":{"self":[{"href":"https:\/\/www.europesays.com\/fr\/wp-json\/wp\/v2\/posts\/373624","targetHints":{"allow":["GET"]}}],"collection":[{"href":"https:\/\/www.europesays.com\/fr\/wp-json\/wp\/v2\/posts"}],"about":[{"href":"https:\/\/www.europesays.com\/fr\/wp-json\/wp\/v2\/types\/post"}],"author":[{"embeddable":true,"href":"https:\/\/www.europesays.com\/fr\/wp-json\/wp\/v2\/users\/2"}],"replies":[{"embeddable":true,"href":"https:\/\/www.europesays.com\/fr\/wp-json\/wp\/v2\/comments?post=373624"}],"version-history":[{"count":0,"href":"https:\/\/www.europesays.com\/fr\/wp-json\/wp\/v2\/posts\/373624\/revisions"}],"wp:featuredmedia":[{"embeddable":true,"href":"https:\/\/www.europesays.com\/fr\/wp-json\/wp\/v2\/media\/373625"}],"wp:attachment":[{"href":"https:\/\/www.europesays.com\/fr\/wp-json\/wp\/v2\/media?parent=373624"}],"wp:term":[{"taxonomy":"category","embeddable":true,"href":"https:\/\/www.europesays.com\/fr\/wp-json\/wp\/v2\/categories?post=373624"},{"taxonomy":"post_tag","embeddable":true,"href":"https:\/\/www.europesays.com\/fr\/wp-json\/wp\/v2\/tags?post=373624"}],"curies":[{"name":"wp","href":"https:\/\/api.w.org\/{rel}","templated":true}]}}