{"id":373626,"date":"2025-09-07T19:20:14","date_gmt":"2025-09-07T19:20:14","guid":{"rendered":"https:\/\/www.europesays.com\/fr\/373626\/"},"modified":"2025-09-07T19:20:14","modified_gmt":"2025-09-07T19:20:14","slug":"un-incendie-en-cours-le-trafic-sncf-perturbe","status":"publish","type":"post","link":"https:\/\/www.europesays.com\/fr\/373626\/","title":{"rendered":"un incendie en cours, le trafic SNCF perturb\u00e9"},"content":{"rendered":"<p>            Par<br \/>\n        <strong><br \/>\n            <a href=\"https:\/\/actu.fr\/auteur\/fabien-binacchi\" title=\"Consulter tous les articles de Fabien Binacchi\" rel=\"nofollow noopener\" target=\"_blank\">Fabien Binacchi<\/a><br \/>\n        <\/strong><\/p>\n<p>        Publi\u00e9 le<\/p>\n<p>            7 sept. 2025 \u00e0 20h46<br \/>\n        ; mis \u00e0 jour le 7 sept. 2025 \u00e0 20h59    <\/p>\n<p>Mise \u00e0 jour le 7 septembre 2025 \u00e0 20h59\u2009: Les pompiers indiquent qu\u2019ils sont \u00ab\u2009ma\u00eetres du feu\u2009\u00bb. \u00ab\u2009Trois lances, dont une sur la grande \u00e9chelle, ont \u00e9t\u00e9 n\u00e9cessaire pour venir \u00e0 bout de ce sinistre\u2009\u00bb, qui n\u2019a pas fait de victime, selon les premi\u00e8res constatations.<\/p>\n<p class=\" wall-content\">Un tr\u00e8s violent incendie touche un squat install\u00e9 dans des b\u00e2timents d\u00e9saffect\u00e9s, ce dimanche 7\u00a0septembre, \u00e0 l\u2019est de <a href=\"https:\/\/actu.fr\/nice\/\" rel=\"nofollow noopener\" target=\"_blank\">Nice<\/a>, <strong>en bordure de la ligne de chemins de fer.<\/strong> Les secours font savoir que leur intervention impacte la circulation des trains.<\/p>\n<p>500 m2 enti\u00e8rement embras\u00e9s<\/p>\n<p class=\" wall-content\">L\u2019alerte a \u00e9t\u00e9 re\u00e7ue par les pompiers des <a href=\"https:\/\/actu.fr\/provence-alpes-cote-d-azur\/alpes-maritimes_06\" rel=\"nofollow noopener\" target=\"_blank\">Alpes-Maritimes<\/a> <strong>vers 20h<\/strong> ce dimanche soir. Place de la Brigue, dans l\u2019est de Nice, des locaux sont en flammes.<\/p>\n<p>    <a href=\"https:\/\/www.google.com\/maps\/embed?pb=!1m18!1m12!1m3!1d720.9557599135944!2d7.283895698281057!3d43.71422648815967!2m3!1f0!2f0!3f0!3m2!1i1024!2i768!4f13.1!3m3!1m2!1s0x12cdc54b03e19d1d%3A0x537c8464e25b66a5!2sA.D.A.P.E.I.%20des%20Alpes%20Maritimes!5e0!3m2!1sfr!2sfr!4v1757270869083!5m2!1sfr!2sfr\" title=\"Ouvrie le lien\" rel=\"nofollow noopener\" target=\"_blank\">Cliquez ici pour visualiser le contenu<\/a><\/p>\n<p class=\" wall-content\">Les installations, un temps allou\u00e9es \u00e0 l\u2019Association d\u00e9partementale de parents et d\u2019amis des personnes handicap\u00e9es mentales (Adapei), sont d\u00e9sormais d\u00e9saffect\u00e9es. Mais <strong>ils abritent \u00ab\u2009un squat\u2009\u00bb,<\/strong> indiquent les secours. Les 500m2 sont enti\u00e8rement embras\u00e9s.<\/p>\n<p class=\" wall-content\">Le sinistre a provoqu\u00e9 une \u00e9paisse colonne de fum\u00e9e noire visible de loin.<\/p>\n<p>Les trains impact\u00e9s entre Nice et Menton<\/p>\n<p class=\" wall-content\">Sur les r\u00e9seaux sociaux, le maire Christian Estrosi invite la population \u00e0 \u00ab\u2009\u00e9viter le secteur pour faciliter [le] travail\u2009\u00bb des pompiers. Selon le Service d\u00e9partemental d\u2019incendie et de secours (Sdis) des Alpes-Maritimes, <strong>17 soldats du feu et 5 engins<\/strong> sont d\u00e9ploy\u00e9s sur place.<\/p>\n<p>    <a href=\"https:\/\/www.facebook.com\/plugins\/video.php?height=476&amp;href=https%3A%2F%2Fwww.facebook.com%2Festrosi.christian%2Fvideos%2F797723546276886%2F&amp;show_text=false&amp;width=350&amp;t=0\" title=\"Ouvrie le lien\" rel=\"nofollow noopener\" target=\"_blank\">Cliquez ici pour visualiser le contenu<\/a><\/p>\n<p>Votre r\u00e9gion, votre actu !<\/p>\n<p>Recevez chaque jour les infos qui comptent pour vous.<\/p>\n<p>\t<a href=\"https:\/\/actu.fr\/newsletter\" class=\"ac-btn ac-btn--corner ac-btn--medium ac-btn--blue800\" rel=\"nofollow noopener\" target=\"_blank\">S&rsquo;incrire<\/a><\/p>\n<p class=\" wall-content\">Le Sdis 06 pr\u00e9cise que l\u2019intervention, \u00ab\u2009aux abords des rails des chemins de fer de la SNCF, [\u2026] aura un impact sur la circulation des trains <strong>entre Menton et Nice<\/strong>\u2009\u00bb.<\/p>\n<p class=\" wall-content\">Des effectifs des polices nationale et municipale sont \u00e9galement sur place.<\/p>\n<p class=\" wall-content\">Personnalisez votre actualit\u00e9 en ajoutant vos villes et m\u00e9dias en favori avec <a href=\"https:\/\/moncompte.actu.fr\" title=\"D\u00e9couvez Mon Actu\" rel=\"nofollow noopener\" data-trk=\"{&quot;cta&quot;:{&quot;action&quot;:&quot;https:\\\/\\\/moncompte.actu.fr&quot;,&quot;category&quot;:&quot;mon compte&quot;,&quot;from&quot;:&quot;article footer&quot;,&quot;name&quot;:&quot;Mon actu&quot;,&quot;type&quot;:&quot;cta&quot;}}\" target=\"_blank\">Mon Actu<\/a>.<\/p>\n","protected":false},"excerpt":{"rendered":"Par Fabien Binacchi Publi\u00e9 le 7 sept. 2025 \u00e0 20h46 ; mis \u00e0 jour le 7 sept. 2025&hellip;\n","protected":false},"author":2,"featured_media":373627,"comment_status":"","ping_status":"","sticky":false,"template":"","format":"standard","meta":{"footnotes":""},"categories":[2819],"tags":[1111,11,1777,674,118,1011,27,12,2401,882,25],"class_list":{"0":"post-373626","1":"post","2":"type-post","3":"status-publish","4":"format-standard","5":"has-post-thumbnail","7":"category-nice","8":"tag-actu","9":"tag-actualites","10":"tag-eu","11":"tag-europe","12":"tag-faits-divers","13":"tag-fr","14":"tag-france","15":"tag-news","16":"tag-nice","17":"tag-provence-alpes-cote-dazur","18":"tag-republique-francaise"},"share_on_mastodon":{"url":"https:\/\/pubeurope.com\/@fr\/115164638367043270","error":""},"_links":{"self":[{"href":"https:\/\/www.europesays.com\/fr\/wp-json\/wp\/v2\/posts\/373626","targetHints":{"allow":["GET"]}}],"collection":[{"href":"https:\/\/www.europesays.com\/fr\/wp-json\/wp\/v2\/posts"}],"about":[{"href":"https:\/\/www.europesays.com\/fr\/wp-json\/wp\/v2\/types\/post"}],"author":[{"embeddable":true,"href":"https:\/\/www.europesays.com\/fr\/wp-json\/wp\/v2\/users\/2"}],"replies":[{"embeddable":true,"href":"https:\/\/www.europesays.com\/fr\/wp-json\/wp\/v2\/comments?post=373626"}],"version-history":[{"count":0,"href":"https:\/\/www.europesays.com\/fr\/wp-json\/wp\/v2\/posts\/373626\/revisions"}],"wp:featuredmedia":[{"embeddable":true,"href":"https:\/\/www.europesays.com\/fr\/wp-json\/wp\/v2\/media\/373627"}],"wp:attachment":[{"href":"https:\/\/www.europesays.com\/fr\/wp-json\/wp\/v2\/media?parent=373626"}],"wp:term":[{"taxonomy":"category","embeddable":true,"href":"https:\/\/www.europesays.com\/fr\/wp-json\/wp\/v2\/categories?post=373626"},{"taxonomy":"post_tag","embeddable":true,"href":"https:\/\/www.europesays.com\/fr\/wp-json\/wp\/v2\/tags?post=373626"}],"curies":[{"name":"wp","href":"https:\/\/api.w.org\/{rel}","templated":true}]}}