{"id":373628,"date":"2025-09-07T19:21:14","date_gmt":"2025-09-07T19:21:14","guid":{"rendered":"https:\/\/www.europesays.com\/fr\/373628\/"},"modified":"2025-09-07T19:21:14","modified_gmt":"2025-09-07T19:21:14","slug":"les-images-du-spectaculaire-incendie-en-cours-a-nice-dans-un-batiment-desaffecte-une-epaisse-fumee-noire-sur-lest-de-la-ville","status":"publish","type":"post","link":"https:\/\/www.europesays.com\/fr\/373628\/","title":{"rendered":"Les images du spectaculaire incendie en cours \u00e0 Nice dans un b\u00e2timent d\u00e9saffect\u00e9: une \u00e9paisse fum\u00e9e noire sur l\u2019est de la ville"},"content":{"rendered":"<p>Les appels ont \u00e9t\u00e9 nombreux au centre d\u2019incendie et de secours. Peu avant 20 heures une \u00e9paisse fum\u00e9e noire, visible \u00e0 des kilom\u00e8tres \u00e0 la ronde, a commenc\u00e9 \u00e0 s\u2019\u00e9lever au-dessus de Nice.<\/p>\n<p>Les sapeurs-pompiers ont imm\u00e9diatement r\u00e9pondu \u00e0 l\u2019alerte et plusieurs engins sont en train de converger vers la place de la Brigue \u00e0 Nice-Est o\u00f9 se serait d\u00e9clar\u00e9 le sinistre.<\/p>\n<p>Le feu semble concerner un b\u00e2timent d\u00e9saffect\u00e9 \u00e0 proximit\u00e9 de la gare Saint-Roch.<\/p>\n<p>Une structure en bois situ\u00e9e entre la route de Turin et le quai Saint-Jean-Baptiste. L\u2019intervention est en cours. Merci de laisser la priorit\u00e9 aux engins de secours.<\/p>\n<p>Les flammes ont ravag\u00e9 ce b\u00e2timent de 500 m\u00e8tres carr\u00e9s qui \u00e9tait squatt\u00e9.<\/p>\n<p>L&rsquo;incendie perturbait \u00e9galement le trafic ferroviaire, avec jusqu&rsquo;\u00e0 une heure de retard sur les trains.<\/p>\n<p>L\u2019intervention est en cours. Merci de laisser la priorit\u00e9 aux engins de secours.<\/p>\n<p>              <img ci-src=\"https:\/\/www.nicematin.com\/faits-divers\/IMG_9710-y05a1Al2.JPG?vh=004515&amp;ci_seal=58832c1c7e\" alt=\"\"\/><br \/>\n        L&rsquo;incendie depuis le Vieux-Nice ce dimanche soir. <strong>Photo M.M..<\/strong> <\/p>\n<p>              <img ci-src=\"https:\/\/www.nicematin.com\/faits-divers\/NIC07Q400_JFO_INCENDIE+BATIMENT+DESAFFECTE+SAINT-ROCH-fj5FpGKa.jpg?vh=b128e7&amp;ci_seal=4ad5126a9d\" alt=\"\"\/><br \/>\n         <strong>Photo JFO.<\/strong> <\/p>\n<p>              <img ci-src=\"https:\/\/www.nicematin.com\/faits-divers\/1000018130-JwvvBOqF.jpeg?vh=1af5f1&amp;ci_seal=5f5e8f2768\" alt=\"\"\/><br \/>\n        L&rsquo;incendie depuis l&rsquo;angle Barla-R\u00e9publique. <strong>Photo DR.<\/strong> <\/p>\n<p>              <img ci-src=\"https:\/\/www.nicematin.com\/faits-divers\/NIC07Q401_JFO_INCENDIE+BATIMENT+DESAFFECTE+SAINT-ROCH-VaQRZDTx.jpg?vh=1626c3&amp;ci_seal=b2552fba7e\" alt=\"\"\/><br \/>\n         <strong>Photo JFO.<\/strong> <\/p>\n<p>              <img ci-src=\"https:\/\/www.nicematin.com\/faits-divers\/PHOTO-2025-09-07-20-15-41-DU3Dru0E.jpg?vh=849595&amp;ci_seal=7b255d0ac8\" alt=\"\"\/><br \/>\n         <strong>Photo JFO.<\/strong> <\/p>\n<p>              <img ci-src=\"https:\/\/www.nicematin.com\/faits-divers\/NIC07Q402_JFO_INCENDIE+BATIMENT+DESAFFECTE+SAINT-ROCH+%281%29-9UmpqIWp.jpg?vh=0d4159&amp;ci_seal=74edcb102e\" alt=\"\"\/><br \/>\n         <strong>Photo JFO.<\/strong> <\/p>\n<p>              <img ci-src=\"https:\/\/www.nicematin.com\/faits-divers\/IMG_9506-VUPp4grt.jpg?vh=173081&amp;ci_seal=7598cae1c6\" alt=\"\"\/><br \/>\n         <strong>Photo DR.<\/strong> <\/p>\n<p>              <img ci-src=\"https:\/\/www.nicematin.com\/faits-divers\/NIC07Q403_JFO_INCENDIE+BATIMENT+DESAFFECTE+SAINT-ROCH-xYF2CUi7.jpg?vh=c34c89&amp;ci_seal=1ec3ee5a7e\" alt=\"\"\/><br \/>\n         <strong>Photo JFO.<\/strong> <\/p>\n<p>              <img ci-src=\"https:\/\/www.nicematin.com\/faits-divers\/IMG_5628-1Ehm6v3H.JPG?vh=2dcd3b&amp;ci_seal=6eaca91a1b\" alt=\"\"\/><br \/>\n         <strong>Photo M.M..<\/strong> <\/p>\n<p>              <img ci-src=\"https:\/\/www.nicematin.com\/faits-divers\/NIC07Q404_JFO_INCENDIE+BATIMENT+DESAFFECTE+SAINT-ROCH-1JDjbvRU.jpg?vh=f55304&amp;ci_seal=cc546ba7a9\" alt=\"\"\/><br \/>\n         <strong>Photo JFO.<\/strong> <\/p>\n","protected":false},"excerpt":{"rendered":"Les appels ont \u00e9t\u00e9 nombreux au centre d\u2019incendie et de secours. Peu avant 20 heures une \u00e9paisse fum\u00e9e&hellip;\n","protected":false},"author":2,"featured_media":373629,"comment_status":"","ping_status":"","sticky":false,"template":"","format":"standard","meta":{"footnotes":""},"categories":[2819],"tags":[1111,11,1777,674,118,1011,27,12,2401,882,25],"class_list":{"0":"post-373628","1":"post","2":"type-post","3":"status-publish","4":"format-standard","5":"has-post-thumbnail","7":"category-nice","8":"tag-actu","9":"tag-actualites","10":"tag-eu","11":"tag-europe","12":"tag-faits-divers","13":"tag-fr","14":"tag-france","15":"tag-news","16":"tag-nice","17":"tag-provence-alpes-cote-dazur","18":"tag-republique-francaise"},"share_on_mastodon":{"url":"https:\/\/pubeurope.com\/@fr\/115164642198175008","error":""},"_links":{"self":[{"href":"https:\/\/www.europesays.com\/fr\/wp-json\/wp\/v2\/posts\/373628","targetHints":{"allow":["GET"]}}],"collection":[{"href":"https:\/\/www.europesays.com\/fr\/wp-json\/wp\/v2\/posts"}],"about":[{"href":"https:\/\/www.europesays.com\/fr\/wp-json\/wp\/v2\/types\/post"}],"author":[{"embeddable":true,"href":"https:\/\/www.europesays.com\/fr\/wp-json\/wp\/v2\/users\/2"}],"replies":[{"embeddable":true,"href":"https:\/\/www.europesays.com\/fr\/wp-json\/wp\/v2\/comments?post=373628"}],"version-history":[{"count":0,"href":"https:\/\/www.europesays.com\/fr\/wp-json\/wp\/v2\/posts\/373628\/revisions"}],"wp:featuredmedia":[{"embeddable":true,"href":"https:\/\/www.europesays.com\/fr\/wp-json\/wp\/v2\/media\/373629"}],"wp:attachment":[{"href":"https:\/\/www.europesays.com\/fr\/wp-json\/wp\/v2\/media?parent=373628"}],"wp:term":[{"taxonomy":"category","embeddable":true,"href":"https:\/\/www.europesays.com\/fr\/wp-json\/wp\/v2\/categories?post=373628"},{"taxonomy":"post_tag","embeddable":true,"href":"https:\/\/www.europesays.com\/fr\/wp-json\/wp\/v2\/tags?post=373628"}],"curies":[{"name":"wp","href":"https:\/\/api.w.org\/{rel}","templated":true}]}}