{"id":37363,"date":"2025-04-19T21:24:31","date_gmt":"2025-04-19T21:24:31","guid":{"rendered":"https:\/\/www.europesays.com\/fr\/37363\/"},"modified":"2025-04-19T21:24:31","modified_gmt":"2025-04-19T21:24:31","slug":"un-nouveau-magasin-grand-litier-dans-le-centre-ville-de-rennes","status":"publish","type":"post","link":"https:\/\/www.europesays.com\/fr\/37363\/","title":{"rendered":"Un nouveau magasin Grand Litier dans le centre-ville de Rennes"},"content":{"rendered":"<p>L\u2019enseigne de literie <strong>Grand Litier<\/strong>, qui regroupe actuellement plus de 120 points de vente en France, renforce sa pr\u00e9sence en Bretagne avec l\u2019ouverture d\u2019un magasin dans l\u2019hyper-centre de Rennes. Inaugur\u00e9 le 6 f\u00e9vrier dernier, celui-ci se situe au rez-de-chauss\u00e9e de l\u2019immeuble CAP MAIL, dessin\u00e9 par l\u2019architecte Jean Nouvel.<\/p>\n<p>Dirig\u00e9 par <strong>Olivier Tertre<\/strong>, adh\u00e9rent Grand Litier depuis 2018, l\u2019espace de 550 m\u00b2 accueille une gamme compl\u00e8te comprenant literies, solutions de relaxation, canap\u00e9s convertibles, accessoires et linge de lit. Ce point de vente est son 5e magasin en Bretagne, apr\u00e8s Lorient, Vannes, Brest et Saint-Malo. Compos\u00e9e de <strong>Camille<\/strong>, responsable du magasin et de <strong>Thomas<\/strong>, conseiller, l\u2019\u00e9quipe b\u00e9n\u00e9ficie de l\u2019appui de <strong>Mathieu Le Mouroux<\/strong>, responsable commercial des autres magasins bretons de l\u2019enseigne. <\/p>\n<p>Cette ouverture s\u2019inscrit dans la strat\u00e9gie de d\u00e9veloppement de Grand Litier qui vise \u00e0 proposer une offre de qualit\u00e9 associ\u00e9e \u00e0 une expertise en conseil.<\/p>\n<p><strong><a href=\"https:\/\/www.univers-habitat.eu\/?s=%22grand+litier%22\" target=\"_blank\" rel=\"noopener\">&gt; D\u00e9couvrez d\u2019autres articles sur Grand Litier<\/a><\/strong>                        <\/p>\n","protected":false},"excerpt":{"rendered":"L\u2019enseigne de literie Grand Litier, qui regroupe actuellement plus de 120 points de vente en France, renforce sa&hellip;\n","protected":false},"author":2,"featured_media":37364,"comment_status":"","ping_status":"","sticky":false,"template":"","format":"standard","meta":{"footnotes":""},"categories":[2821],"tags":[1111,11,829,11896,11897,11898,2105,11899,705,1777,674,1011,27,11900,11901,11902,11903,11904,11905,11906,12,11907,8887,11908,584,25],"class_list":{"0":"post-37363","1":"post","2":"type-post","3":"status-publish","4":"format-standard","5":"has-post-thumbnail","7":"category-rennes","8":"tag-actu","9":"tag-actualites","10":"tag-bretagne","11":"tag-canapes","12":"tag-cap-mail","13":"tag-centre-ville","14":"tag-distribution","15":"tag-engagement-sommeil","16":"tag-enseignes","17":"tag-eu","18":"tag-europe","19":"tag-fr","20":"tag-france","21":"tag-grand-litier","22":"tag-jean-nouvel","23":"tag-linge-de-lit","24":"tag-literie","25":"tag-literie-haut-de-gamme","26":"tag-lits","27":"tag-magasins","28":"tag-news","29":"tag-olivier-tertre","30":"tag-ouvertures","31":"tag-relaxation","32":"tag-rennes","33":"tag-republique-francaise"},"share_on_mastodon":{"url":"https:\/\/pubeurope.com\/@fr\/114366740224866040","error":""},"_links":{"self":[{"href":"https:\/\/www.europesays.com\/fr\/wp-json\/wp\/v2\/posts\/37363","targetHints":{"allow":["GET"]}}],"collection":[{"href":"https:\/\/www.europesays.com\/fr\/wp-json\/wp\/v2\/posts"}],"about":[{"href":"https:\/\/www.europesays.com\/fr\/wp-json\/wp\/v2\/types\/post"}],"author":[{"embeddable":true,"href":"https:\/\/www.europesays.com\/fr\/wp-json\/wp\/v2\/users\/2"}],"replies":[{"embeddable":true,"href":"https:\/\/www.europesays.com\/fr\/wp-json\/wp\/v2\/comments?post=37363"}],"version-history":[{"count":0,"href":"https:\/\/www.europesays.com\/fr\/wp-json\/wp\/v2\/posts\/37363\/revisions"}],"wp:featuredmedia":[{"embeddable":true,"href":"https:\/\/www.europesays.com\/fr\/wp-json\/wp\/v2\/media\/37364"}],"wp:attachment":[{"href":"https:\/\/www.europesays.com\/fr\/wp-json\/wp\/v2\/media?parent=37363"}],"wp:term":[{"taxonomy":"category","embeddable":true,"href":"https:\/\/www.europesays.com\/fr\/wp-json\/wp\/v2\/categories?post=37363"},{"taxonomy":"post_tag","embeddable":true,"href":"https:\/\/www.europesays.com\/fr\/wp-json\/wp\/v2\/tags?post=37363"}],"curies":[{"name":"wp","href":"https:\/\/api.w.org\/{rel}","templated":true}]}}