{"id":373636,"date":"2025-09-07T19:27:09","date_gmt":"2025-09-07T19:27:09","guid":{"rendered":"https:\/\/www.europesays.com\/fr\/373636\/"},"modified":"2025-09-07T19:27:09","modified_gmt":"2025-09-07T19:27:09","slug":"lia-au-menu-du-salon-serviciz-de-nouveau-au-meett","status":"publish","type":"post","link":"https:\/\/www.europesays.com\/fr\/373636\/","title":{"rendered":"L&rsquo;IA au menu du salon Serviciz de nouveau au Meett"},"content":{"rendered":"<p>La CCI de Toulouse Haute-Garonne et D\u00e9p\u00eache Events organisent, le 2\u00a0octobre prochain, une nouvelle \u00e9dition de Serviciz, le salon professionnel d\u00e9di\u00e9 au secteur des services aux entreprises. Pr\u00e8s de 2500 professionnels sont attendus lors de cette \u00e9dition, qui s\u2019installe de nouveau au parc des expositions Meett, \u00e0 Aussonne, pr\u00e8s de Toulouse. Les visiteurs pourront rencontrer 220 exposants r\u00e9partis dans cinq p\u00f4les m\u00e9tiers (RH et RSE, communication et \u00e9v\u00e9nementiel, num\u00e9rique, gestion et services g\u00e9n\u00e9raux ou encore d\u00e9veloppement commercial). 2300 visiteurs ont \u00e9t\u00e9 comptabilis\u00e9s lors de l\u2019\u00e9dition 2024.<\/p>\n<p>Cette ann\u00e9e, la th\u00e9matique de l\u2019intelligence artificielle (IA), qui bouleverse tous les secteurs d\u2019activit\u00e9s, sera centrale. Parmi les prises de parole attendues lors de cette journ\u00e9e, celle de Lucas Pinos, fondateur de Novoma, marque de compl\u00e9ments alimentaires, ou encore celle d\u2019Ange Capuozzo, joueur international de rugby franco-italien. <a href=\"https:\/\/serviciz.fr\/visiter-salon-services-entreprises-collectivites\/#inscription-visiteur\" class=\"spip_out\" rel=\"external nofollow noopener\" target=\"_blank\">Inscription gratuite<\/a> et <a href=\"https:\/\/serviciz.fr\/programme-conferences-ateliers-salon-toulouse\/\" class=\"spip_out\" rel=\"external nofollow noopener\" target=\"_blank\">programme complet<\/a> en ligne.<\/p>\n<p>Salon Serviciz. Le jeudi 2\u00a0octobre 2025, de 9 \u00e0 18 heures, au Meett, avenue Concorde, \u00e0 Aussonne.<\/p>\n","protected":false},"excerpt":{"rendered":"La CCI de Toulouse Haute-Garonne et D\u00e9p\u00eache Events organisent, le 2\u00a0octobre prochain, une nouvelle \u00e9dition de Serviciz, le&hellip;\n","protected":false},"author":2,"featured_media":373637,"comment_status":"","ping_status":"","sticky":false,"template":"","format":"standard","meta":{"footnotes":""},"categories":[2816],"tags":[1111,11,50761,1777,674,1011,27,50763,11064,12,2680,25,1858,50762,2312],"class_list":{"0":"post-373636","1":"post","2":"type-post","3":"status-publish","4":"format-standard","5":"has-post-thumbnail","7":"category-toulouse","8":"tag-actu","9":"tag-actualites","10":"tag-cci-de-toulouse","11":"tag-eu","12":"tag-europe","13":"tag-fr","14":"tag-france","15":"tag-la-depeche-events","16":"tag-meett","17":"tag-news","18":"tag-occitanie","19":"tag-republique-francaise","20":"tag-services","21":"tag-serviciz","22":"tag-toulouse"},"share_on_mastodon":{"url":"https:\/\/pubeurope.com\/@fr\/115164665831314997","error":""},"_links":{"self":[{"href":"https:\/\/www.europesays.com\/fr\/wp-json\/wp\/v2\/posts\/373636","targetHints":{"allow":["GET"]}}],"collection":[{"href":"https:\/\/www.europesays.com\/fr\/wp-json\/wp\/v2\/posts"}],"about":[{"href":"https:\/\/www.europesays.com\/fr\/wp-json\/wp\/v2\/types\/post"}],"author":[{"embeddable":true,"href":"https:\/\/www.europesays.com\/fr\/wp-json\/wp\/v2\/users\/2"}],"replies":[{"embeddable":true,"href":"https:\/\/www.europesays.com\/fr\/wp-json\/wp\/v2\/comments?post=373636"}],"version-history":[{"count":0,"href":"https:\/\/www.europesays.com\/fr\/wp-json\/wp\/v2\/posts\/373636\/revisions"}],"wp:featuredmedia":[{"embeddable":true,"href":"https:\/\/www.europesays.com\/fr\/wp-json\/wp\/v2\/media\/373637"}],"wp:attachment":[{"href":"https:\/\/www.europesays.com\/fr\/wp-json\/wp\/v2\/media?parent=373636"}],"wp:term":[{"taxonomy":"category","embeddable":true,"href":"https:\/\/www.europesays.com\/fr\/wp-json\/wp\/v2\/categories?post=373636"},{"taxonomy":"post_tag","embeddable":true,"href":"https:\/\/www.europesays.com\/fr\/wp-json\/wp\/v2\/tags?post=373636"}],"curies":[{"name":"wp","href":"https:\/\/api.w.org\/{rel}","templated":true}]}}