{"id":373645,"date":"2025-09-07T19:32:10","date_gmt":"2025-09-07T19:32:10","guid":{"rendered":"https:\/\/www.europesays.com\/fr\/373645\/"},"modified":"2025-09-07T19:32:10","modified_gmt":"2025-09-07T19:32:10","slug":"un-violent-incendie-fait-plusieurs-blesses-pres-de-marseille-des-evacuations-spectaculaires","status":"publish","type":"post","link":"https:\/\/www.europesays.com\/fr\/373645\/","title":{"rendered":"Un violent incendie fait plusieurs bless\u00e9s pr\u00e8s de Marseille, des \u00e9vacuations spectaculaires"},"content":{"rendered":"<p>            Par<br \/>\n        <strong><br \/>\n            <a href=\"https:\/\/actu.fr\/auteur\/fabien-binacchi\" title=\"Consulter tous les articles de Fabien Binacchi\" rel=\"nofollow noopener\" target=\"_blank\">Fabien Binacchi<\/a><br \/>\n        <\/strong><\/p>\n<p>        Publi\u00e9 le<\/p>\n<p>            7 sept. 2025 \u00e0 21h20        <\/p>\n<p>L\u2019appartement a \u00e9t\u00e9 d\u00e9truit. Un incendie, qui a totalement r\u00e9duit en cendres un logement d\u2019un immeuble d\u2019<a href=\"https:\/\/actu.fr\/provence-alpes-cote-d-azur\/aubagne_13005\" rel=\"nofollow noopener\" target=\"_blank\">Aubagne<\/a> (<a href=\"https:\/\/actu.fr\/provence-alpes-cote-d-azur\/bouches-du-rhone_13\" rel=\"nofollow noopener\" target=\"_blank\">Bouches-du-Rh\u00f4ne<\/a>), pr\u00e8s de <a href=\"https:\/\/actu.fr\/marseille\/\" rel=\"nofollow noopener\" target=\"_blank\">Marseille<\/a>, ce dimanche 7\u00a0septembre 2025, a n\u00e9cessit\u00e9 un important dispositif de secours. <strong>Huit personnes ont \u00e9t\u00e9 prises en charge.<\/strong><\/p>\n<p>Le feu est parti d\u2019un canap\u00e9<\/p>\n<p class=\" wall-content\">L\u2019alerte a \u00e9t\u00e9 donn\u00e9e en d\u00e9but de soir\u00e9e. Ce dimanche soir, un appartement de <strong>la r\u00e9sidence Bertagne,<\/strong> \u00e0 Aubagne, au deuxi\u00e8me \u00e9tage d\u2019un immeuble en comptant six, a \u00e9t\u00e9 ravag\u00e9 par un feu d\u2019origine accidentel, indiquent les pompiers des Bouches-du-Rh\u00f4ne.<\/p>\n<p>    <a href=\"https:\/\/www.google.com\/maps\/embed?pb=!1m18!1m12!1m3!1d2903.5977019524403!2d5.572274075772893!3d43.30174587509164!2m3!1f0!2f0!3f0!3m2!1i1024!2i768!4f13.1!3m3!1m2!1s0x12c9a324deb6896b%3A0xc3ca124dda8c079d!2sAv.%20Marcel%20Paul%2C%2013400%20Aubagne!5e0!3m2!1sfr!2sfr!4v1757272370403!5m2!1sfr!2sfr\" title=\"Ouvrie le lien\" rel=\"nofollow noopener\" target=\"_blank\">Cliquez ici pour visualiser le contenu<\/a><\/p>\n<p class=\" wall-content\">C\u2019est <strong>un canap\u00e9 qui a pris feu,<\/strong> pr\u00e9cisent-ils.<\/p>\n<p>Des \u00e9vacuations par l\u2019\u00e9chelle<\/p>\n<p class=\" wall-content\">\u00c0 leur arriv\u00e9e, les <strong>45 soldats du feu d\u00e9ploy\u00e9s,<\/strong> avec le concours de <strong>dix-huit engins,<\/strong> ont d\u00e9couvert \u00ab\u2009un appartement compl\u00e8tement embras\u00e9\u2009\u00bb. \u00ab\u2009De nombreux habitants ont spontan\u00e9ment \u00e9vacu\u00e9 le b\u00e2timent\u2009\u00bb, font-ils \u00e9galement savoir.<\/p>\n<blockquote class=\"ac-article-quote wall-content\">\n<p>\u00ab\u00a0Quatre sauvetages ont n\u00e9anmoins \u00e9t\u00e9 r\u00e9alis\u00e9s par les sapeurs-pompiers dont un par les communications existantes et trois au moyen de l&rsquo;\u00e9chelle pivotante.\u00a0\u00bb<\/p>\n<p>    <strong>Les pompiers des Bouches-du-Rh\u00f4ne<\/strong>\n            <\/p><\/blockquote>\n<p class=\" wall-content\">Selon un bilan provisoire, le sinistre aurait fait plusieurs bless\u00e9s. Huit r\u00e9sidants ont \u00e9t\u00e9 pris en charge par les secours en \u00ab\u2009urgence relative\u2009\u00bb. Il y aurait \u00e9galement <strong>\u00ab\u2009beaucoup de personnes choqu\u00e9es\u2009\u00bb,<\/strong> pr\u00e9cisent-ils. Le feu a \u00e9t\u00e9 ma\u00eetris\u00e9.<\/p>\n<p class=\" wall-content\">Personnalisez votre actualit\u00e9 en ajoutant vos villes et m\u00e9dias en favori avec <a href=\"https:\/\/moncompte.actu.fr\" title=\"D\u00e9couvez Mon Actu\" rel=\"nofollow noopener\" data-trk=\"{&quot;cta&quot;:{&quot;action&quot;:&quot;https:\\\/\\\/moncompte.actu.fr&quot;,&quot;category&quot;:&quot;mon compte&quot;,&quot;from&quot;:&quot;article footer&quot;,&quot;name&quot;:&quot;Mon actu&quot;,&quot;type&quot;:&quot;cta&quot;}}\" target=\"_blank\">Mon Actu<\/a>.<\/p>\n","protected":false},"excerpt":{"rendered":"Par Fabien Binacchi Publi\u00e9 le 7 sept. 2025 \u00e0 21h20 L\u2019appartement a \u00e9t\u00e9 d\u00e9truit. Un incendie, qui a&hellip;\n","protected":false},"author":2,"featured_media":373646,"comment_status":"","ping_status":"","sticky":false,"template":"","format":"standard","meta":{"footnotes":""},"categories":[2814],"tags":[1111,11,1777,674,118,1011,27,1310,884,12,1311,882,25],"class_list":{"0":"post-373645","1":"post","2":"type-post","3":"status-publish","4":"format-standard","5":"has-post-thumbnail","7":"category-marseille","8":"tag-actu","9":"tag-actualites","10":"tag-eu","11":"tag-europe","12":"tag-faits-divers","13":"tag-fr","14":"tag-france","15":"tag-incendie","16":"tag-marseille","17":"tag-news","18":"tag-pompiers","19":"tag-provence-alpes-cote-dazur","20":"tag-republique-francaise"},"share_on_mastodon":{"url":"https:\/\/pubeurope.com\/@fr\/115164685624215173","error":""},"_links":{"self":[{"href":"https:\/\/www.europesays.com\/fr\/wp-json\/wp\/v2\/posts\/373645","targetHints":{"allow":["GET"]}}],"collection":[{"href":"https:\/\/www.europesays.com\/fr\/wp-json\/wp\/v2\/posts"}],"about":[{"href":"https:\/\/www.europesays.com\/fr\/wp-json\/wp\/v2\/types\/post"}],"author":[{"embeddable":true,"href":"https:\/\/www.europesays.com\/fr\/wp-json\/wp\/v2\/users\/2"}],"replies":[{"embeddable":true,"href":"https:\/\/www.europesays.com\/fr\/wp-json\/wp\/v2\/comments?post=373645"}],"version-history":[{"count":0,"href":"https:\/\/www.europesays.com\/fr\/wp-json\/wp\/v2\/posts\/373645\/revisions"}],"wp:featuredmedia":[{"embeddable":true,"href":"https:\/\/www.europesays.com\/fr\/wp-json\/wp\/v2\/media\/373646"}],"wp:attachment":[{"href":"https:\/\/www.europesays.com\/fr\/wp-json\/wp\/v2\/media?parent=373645"}],"wp:term":[{"taxonomy":"category","embeddable":true,"href":"https:\/\/www.europesays.com\/fr\/wp-json\/wp\/v2\/categories?post=373645"},{"taxonomy":"post_tag","embeddable":true,"href":"https:\/\/www.europesays.com\/fr\/wp-json\/wp\/v2\/tags?post=373645"}],"curies":[{"name":"wp","href":"https:\/\/api.w.org\/{rel}","templated":true}]}}