{"id":373647,"date":"2025-09-07T19:33:32","date_gmt":"2025-09-07T19:33:32","guid":{"rendered":"https:\/\/www.europesays.com\/fr\/373647\/"},"modified":"2025-09-07T19:33:32","modified_gmt":"2025-09-07T19:33:32","slug":"en-images-top-depart-pour-la-biennale-de-la-danse-a-lyon-avec-son-traditionnel-defile","status":"publish","type":"post","link":"https:\/\/www.europesays.com\/fr\/373647\/","title":{"rendered":"En Images : Top d\u00e9part pour la Biennale de la danse \u00e0 Lyon avec son traditionnel d\u00e9fil\u00e9"},"content":{"rendered":"<p class=\"content\" style=\"font-size:1.2em;font-weight:700\">Le d\u00e9fil\u00e9 de la Biennale de la danse a \u00e9t\u00e9 c\u00e9l\u00e9br\u00e9 ce dimanche 7 septembre rue de la R\u00e9publique \u00e0 Lyon. Retour en images sur ce grand moment festif.<\/p>\n<p>C\u2019est officiel, la Biennale de la danse est lanc\u00e9e. L\u2019incontournable d\u00e9fil\u00e9 s\u2019est d\u00e9roul\u00e9 ce dimanche 7 septembre apr\u00e8s-midi rue de la R\u00e9publique, entre les 1er et 2e arrondissements.<\/p>\n<p>Cette ann\u00e9e, le th\u00e8me choisi \u00e9tait \u00ab\u00a0Danses recycl\u00e9es\u00a0\u00bb, port\u00e9 notamment par neuf groupes. Les danses, quant \u00e0 elles, ont \u00e9t\u00e9 pens\u00e9es puis dirig\u00e9es par le chor\u00e9graphe Diego Dantas, directeur du Centre chor\u00e9graphique de Rio de Janeiro. <\/p>\n<p>La f\u00eate a continu\u00e9 sur la place Bellecour apr\u00e8s un peu plus d&rsquo;une heure de d\u00e9ambulation. Lyon Capitale vous propose de revivre les meilleurs moments en images.<\/p>\n<p><strong>Lire aussi :<\/strong> <a href=\"https:\/\/www.lyoncapitale.fr\/culture\/l-evenement-une-biennale-de-la-danse-pour-transformer-notre-regard-sur-le-monde\" target=\"_blank\" rel=\"noreferrer noopener nofollow\">L&rsquo;\u00e9v\u00e9nement : une Biennale de la danse pour transformer notre regard sur le monde<\/a><\/p>\n<p>Les temps fort du d\u00e9fil\u00e9 2025<\/p>\n<p><img loading=\"lazy\" decoding=\"async\" width=\"1200\" height=\"750\" alt=\"\" class=\"wp-image-460964 lazyload\" src=\"https:\/\/www.europesays.com\/fr\/wp-content\/uploads\/2025\/09\/Defile-Bienale-de-la-danse-2025-@CM-e1757259581366.jpg\" data-eio-rwidth=\"1200\" data-eio-rheight=\"750\"\/>D\u00e9fil\u00e9 Biennale de la danse 2025 (@CM)<\/p>\n<blockquote class=\"twitter-tweet\" data-width=\"550\" data-dnt=\"true\">\n<p lang=\"fr\" dir=\"ltr\">\ud83d\udc83\ud83c\udffb La Biennale de la danse a \u00e9t\u00e9 lanc\u00e9e ce dimanche 7 septembre \u00e0 <a href=\"https:\/\/twitter.com\/hashtag\/Lyon?src=hash&amp;ref_src=twsrc%5Etfw\" rel=\"nofollow noopener\" target=\"_blank\">#Lyon<\/a> avec son incontournable d\u00e9fil\u00e9 rue de la R\u00e9publique. <a href=\"https:\/\/t.co\/uv3mvWl3S8\" rel=\"nofollow\">pic.twitter.com\/uv3mvWl3S8<\/a><\/p>\n<p>\u2014 Lyon Capitale (@lyoncap) <a href=\"https:\/\/twitter.com\/lyoncap\/status\/1964714677038112828?ref_src=twsrc%5Etfw\" rel=\"nofollow noopener\" target=\"_blank\">September 7, 2025<\/a><\/p><\/blockquote>\n<p><img loading=\"lazy\" decoding=\"async\" width=\"836\" height=\"522\" alt=\"\" class=\"wp-image-460967 lazyload\" src=\"https:\/\/www.europesays.com\/fr\/wp-content\/uploads\/2025\/09\/Defile-Bienale-de-la-danse-2025-@CM-1-e1757260055269.jpg\" data-eio-rwidth=\"836\" data-eio-rheight=\"522\"\/>D\u00e9fil\u00e9 Biennale de la danse 2025 (@CM)<\/p>\n<p><img loading=\"lazy\" decoding=\"async\" width=\"1124\" height=\"702\" alt=\"\" class=\"wp-image-460966 lazyload\" src=\"https:\/\/www.europesays.com\/fr\/wp-content\/uploads\/2025\/09\/Capture-decran-2025-09-07-a-17.28.59-e1757259630564.jpg\" data-eio-rwidth=\"1124\" data-eio-rheight=\"702\"\/>D\u00e9fil\u00e9 Biennale de la danse 2025 (@CM)<\/p>\n<p><img loading=\"lazy\" decoding=\"async\" width=\"884\" height=\"555\" alt=\"\" class=\"wp-image-460968 lazyload\" src=\"https:\/\/www.europesays.com\/fr\/wp-content\/uploads\/2025\/09\/Defile-Bienale-de-la-danse-2025-@CM-2-e1757260085216.jpg\" data-eio-rwidth=\"884\" data-eio-rheight=\"555\"\/>D\u00e9fil\u00e9 Biennale de la danse 2025 (@CM)<\/p>\n<p><img loading=\"lazy\" decoding=\"async\" width=\"1200\" height=\"750\" alt=\"\" class=\"wp-image-460970 lazyload\" src=\"https:\/\/www.europesays.com\/fr\/wp-content\/uploads\/2025\/09\/Capture-decran-2025-09-07-a-18.04.54-e1757261170384.jpg\" data-eio-rwidth=\"1200\" data-eio-rheight=\"750\"\/>D\u00e9fil\u00e9 Biennale de la danse 2025 (@CM)<br \/>\n<a class=\"a2a_button_facebook\" href=\"https:\/\/www.addtoany.com\/add_to\/facebook?linkurl=https%3A%2F%2Fwww.lyoncapitale.fr%2Factualite%2Fen-images-top-depart-pour-la-biennale-de-la-danse-a-lyon&amp;linkname=En%20Images%20%3A%20Top%20d%C3%A9part%20pour%20la%20Biennale%20de%20la%20danse%20%C3%A0%20Lyon%20avec%20son%20traditionnel%20d%C3%A9fil%C3%A9\" title=\"Facebook\" rel=\"nofollow noopener\" target=\"_blank\"><a class=\"a2a_button_linkedin\" href=\"https:\/\/www.addtoany.com\/add_to\/linkedin?linkurl=https%3A%2F%2Fwww.lyoncapitale.fr%2Factualite%2Fen-images-top-depart-pour-la-biennale-de-la-danse-a-lyon&amp;linkname=En%20Images%20%3A%20Top%20d%C3%A9part%20pour%20la%20Biennale%20de%20la%20danse%20%C3%A0%20Lyon%20avec%20son%20traditionnel%20d%C3%A9fil%C3%A9\" title=\"LinkedIn\" rel=\"nofollow noopener\" target=\"_blank\"><a class=\"a2a_button_whatsapp\" href=\"https:\/\/www.addtoany.com\/add_to\/whatsapp?linkurl=https%3A%2F%2Fwww.lyoncapitale.fr%2Factualite%2Fen-images-top-depart-pour-la-biennale-de-la-danse-a-lyon&amp;linkname=En%20Images%20%3A%20Top%20d%C3%A9part%20pour%20la%20Biennale%20de%20la%20danse%20%C3%A0%20Lyon%20avec%20son%20traditionnel%20d%C3%A9fil%C3%A9\" title=\"WhatsApp\" rel=\"nofollow noopener\" target=\"_blank\"><a class=\"a2a_button_x\" href=\"https:\/\/www.addtoany.com\/add_to\/x?linkurl=https%3A%2F%2Fwww.lyoncapitale.fr%2Factualite%2Fen-images-top-depart-pour-la-biennale-de-la-danse-a-lyon&amp;linkname=En%20Images%20%3A%20Top%20d%C3%A9part%20pour%20la%20Biennale%20de%20la%20danse%20%C3%A0%20Lyon%20avec%20son%20traditionnel%20d%C3%A9fil%C3%A9\" title=\"X\" rel=\"nofollow noopener\" target=\"_blank\"><a class=\"a2a_button_email\" href=\"https:\/\/www.addtoany.com\/add_to\/email?linkurl=https%3A%2F%2Fwww.lyoncapitale.fr%2Factualite%2Fen-images-top-depart-pour-la-biennale-de-la-danse-a-lyon&amp;linkname=En%20Images%20%3A%20Top%20d%C3%A9part%20pour%20la%20Biennale%20de%20la%20danse%20%C3%A0%20Lyon%20avec%20son%20traditionnel%20d%C3%A9fil%C3%A9\" title=\"Email\" rel=\"nofollow noopener\" target=\"_blank\"><a class=\"a2a_dd addtoany_share_save addtoany_share\" href=\"https:\/\/www.addtoany.com\/share\" rel=\"nofollow noopener\" target=\"_blank\"><br \/>\n    <script async src=\"https:\/\/platform.twitter.com\/widgets.js\" charset=\"utf-8\"><\/script><\/p>\n","protected":false},"excerpt":{"rendered":"Le d\u00e9fil\u00e9 de la Biennale de la danse a \u00e9t\u00e9 c\u00e9l\u00e9br\u00e9 ce dimanche 7 septembre rue de la&hellip;\n","protected":false},"author":2,"featured_media":373648,"comment_status":"","ping_status":"","sticky":false,"template":"","format":"standard","meta":{"footnotes":""},"categories":[1889],"tags":[1111,11,2430,1777,674,1011,27,2428,12,25],"class_list":{"0":"post-373647","1":"post","2":"type-post","3":"status-publish","4":"format-standard","5":"has-post-thumbnail","7":"category-lyon","8":"tag-actu","9":"tag-actualites","10":"tag-auvergne-rhone-alpes","11":"tag-eu","12":"tag-europe","13":"tag-fr","14":"tag-france","15":"tag-lyon","16":"tag-news","17":"tag-republique-francaise"},"share_on_mastodon":{"url":"https:\/\/pubeurope.com\/@fr\/115164689613478091","error":""},"_links":{"self":[{"href":"https:\/\/www.europesays.com\/fr\/wp-json\/wp\/v2\/posts\/373647","targetHints":{"allow":["GET"]}}],"collection":[{"href":"https:\/\/www.europesays.com\/fr\/wp-json\/wp\/v2\/posts"}],"about":[{"href":"https:\/\/www.europesays.com\/fr\/wp-json\/wp\/v2\/types\/post"}],"author":[{"embeddable":true,"href":"https:\/\/www.europesays.com\/fr\/wp-json\/wp\/v2\/users\/2"}],"replies":[{"embeddable":true,"href":"https:\/\/www.europesays.com\/fr\/wp-json\/wp\/v2\/comments?post=373647"}],"version-history":[{"count":0,"href":"https:\/\/www.europesays.com\/fr\/wp-json\/wp\/v2\/posts\/373647\/revisions"}],"wp:featuredmedia":[{"embeddable":true,"href":"https:\/\/www.europesays.com\/fr\/wp-json\/wp\/v2\/media\/373648"}],"wp:attachment":[{"href":"https:\/\/www.europesays.com\/fr\/wp-json\/wp\/v2\/media?parent=373647"}],"wp:term":[{"taxonomy":"category","embeddable":true,"href":"https:\/\/www.europesays.com\/fr\/wp-json\/wp\/v2\/categories?post=373647"},{"taxonomy":"post_tag","embeddable":true,"href":"https:\/\/www.europesays.com\/fr\/wp-json\/wp\/v2\/tags?post=373647"}],"curies":[{"name":"wp","href":"https:\/\/api.w.org\/{rel}","templated":true}]}}