{"id":373649,"date":"2025-09-07T19:34:12","date_gmt":"2025-09-07T19:34:12","guid":{"rendered":"https:\/\/www.europesays.com\/fr\/373649\/"},"modified":"2025-09-07T19:34:12","modified_gmt":"2025-09-07T19:34:12","slug":"lyon-deux-jeunes-hommes-de-16-et-20-ans-blesses-apres-une-attaque-au-couteau-devant-la-piscine-du-rhone","status":"publish","type":"post","link":"https:\/\/www.europesays.com\/fr\/373649\/","title":{"rendered":"Lyon. Deux jeunes hommes de 16 et 20 ans bless\u00e9s apr\u00e8s une attaque au couteau devant la piscine du Rh\u00f4ne"},"content":{"rendered":"<p>Le drame s&rsquo;est nou\u00e9 sur le Quai Claude-Bernard \u00e0 Lyon ce samedi 6 septembre. Selon nos informations, une nouvelle attaque au couteau a fait deux bless\u00e9s\u00a0samedi soir, aux alentours de 22\u00a0heures.<\/p>\n<p>Un jeune homme de 16 ans, touch\u00e9 au thorax a \u00e9t\u00e9 transport\u00e9 en urgence absolue, un second de 20 ans est lui aussi bless\u00e9.<\/p>\n<p>  Une enqu\u00eate a \u00e9t\u00e9 ouverte\u00a0<\/p>\n<p>C&rsquo;est sur les quais devant la piscine du Rh\u00f4ne que les sapeurs-pompiers ont pris en charge les deux jeunes victimes.\u00a0Deux v\u00e9hicules de secours \u00e9taient sur place\u00a0samedi soir, tout comme le samu et la police. Une enqu\u00eate a \u00e9t\u00e9 ouverte.\u00a0<\/p>\n<p>Cette attaque \u00e0 l&rsquo;arme blanche survient quelques jours seulement apr\u00e8s <a href=\"https:\/\/www.leprogres.fr\/faits-divers-justice\/2025\/09\/01\/un-adolescent-de-16-ans-poignarde-a-mort-dimanche-soir-a-caluire\" target=\"_blank\" rel=\"nofollow noopener\">le drame de Caluire<\/a>. Le 1er septembre dernier, un jeune homme de 16 ans, qui\u00a0se trouvait en compagnie de deux amis,\u00a0a \u00e9t\u00e9 poignard\u00e9 \u00e0 mort dans le quartier Montessuy.<\/p>\n","protected":false},"excerpt":{"rendered":"Le drame s&rsquo;est nou\u00e9 sur le Quai Claude-Bernard \u00e0 Lyon ce samedi 6 septembre. Selon nos informations, une&hellip;\n","protected":false},"author":2,"featured_media":373650,"comment_status":"","ping_status":"","sticky":false,"template":"","format":"standard","meta":{"footnotes":""},"categories":[1889],"tags":[1111,11,2430,2757,1777,674,274,107,1011,27,2428,12,25,2429],"class_list":{"0":"post-373649","1":"post","2":"type-post","3":"status-publish","4":"format-standard","5":"has-post-thumbnail","7":"category-lyon","8":"tag-actu","9":"tag-actualites","10":"tag-auvergne-rhone-alpes","11":"tag-edition-lyon-villeurbanne","12":"tag-eu","13":"tag-europe","14":"tag-faits-divers-justice","15":"tag-fil-info","16":"tag-fr","17":"tag-france","18":"tag-lyon","19":"tag-news","20":"tag-republique-francaise","21":"tag-rhone"},"share_on_mastodon":{"url":"https:\/\/pubeurope.com\/@fr\/115164693326298507","error":""},"_links":{"self":[{"href":"https:\/\/www.europesays.com\/fr\/wp-json\/wp\/v2\/posts\/373649","targetHints":{"allow":["GET"]}}],"collection":[{"href":"https:\/\/www.europesays.com\/fr\/wp-json\/wp\/v2\/posts"}],"about":[{"href":"https:\/\/www.europesays.com\/fr\/wp-json\/wp\/v2\/types\/post"}],"author":[{"embeddable":true,"href":"https:\/\/www.europesays.com\/fr\/wp-json\/wp\/v2\/users\/2"}],"replies":[{"embeddable":true,"href":"https:\/\/www.europesays.com\/fr\/wp-json\/wp\/v2\/comments?post=373649"}],"version-history":[{"count":0,"href":"https:\/\/www.europesays.com\/fr\/wp-json\/wp\/v2\/posts\/373649\/revisions"}],"wp:featuredmedia":[{"embeddable":true,"href":"https:\/\/www.europesays.com\/fr\/wp-json\/wp\/v2\/media\/373650"}],"wp:attachment":[{"href":"https:\/\/www.europesays.com\/fr\/wp-json\/wp\/v2\/media?parent=373649"}],"wp:term":[{"taxonomy":"category","embeddable":true,"href":"https:\/\/www.europesays.com\/fr\/wp-json\/wp\/v2\/categories?post=373649"},{"taxonomy":"post_tag","embeddable":true,"href":"https:\/\/www.europesays.com\/fr\/wp-json\/wp\/v2\/tags?post=373649"}],"curies":[{"name":"wp","href":"https:\/\/api.w.org\/{rel}","templated":true}]}}