{"id":37365,"date":"2025-04-19T21:25:26","date_gmt":"2025-04-19T21:25:26","guid":{"rendered":"https:\/\/www.europesays.com\/fr\/37365\/"},"modified":"2025-04-19T21:25:26","modified_gmt":"2025-04-19T21:25:26","slug":"le-pronostic-vital-du-pieton-renverse-est-engage-2","status":"publish","type":"post","link":"https:\/\/www.europesays.com\/fr\/37365\/","title":{"rendered":"Le pronostic vital du pi\u00e9ton renvers\u00e9 est engag\u00e9"},"content":{"rendered":"<p>Le pi\u00e9ton renvers\u00e9 lors des <a href=\"https:\/\/www.20minutes.fr\/dossier\/fusillade\" class=\"color-ultramarine c-link\" target=\"_blank\" rel=\"noopener\">fusillades<\/a> de jeudi, \u00e0 <a href=\"https:\/\/www.20minutes.fr\/rennes\/\" class=\"color-ultramarine c-link\" target=\"_blank\" rel=\"noopener\">Rennes<\/a>, voit d\u00e9sormais son pronostic vital engag\u00e9, indique ce vendredi soir le procureur de Rennes dans un communiqu\u00e9. La veille, le quartier de Villejean \u00e0 Rennes, avait \u00e9t\u00e9 le th\u00e9\u00e2tre d\u2019une succession de trois fusillades. Un jeune homme de nationalit\u00e9 italienne et d\u2019une vingtaine d\u2019ann\u00e9es avait alors \u00e9t\u00e9 percut\u00e9.<\/p>\n<p>Trois hommes \u00e2g\u00e9s entre 18 et 27 ans, de nationalit\u00e9 fran\u00e7aise, bless\u00e9s par balles, ont pu sortir de l\u2019h\u00f4pital dans la nuit de jeudi \u00e0 ce vendredi apr\u00e8s avoir \u00e9t\u00e9 soign\u00e9s. Un suspect de 20 ans a \u00e9t\u00e9 interpell\u00e9 et plac\u00e9 en garde \u00e0 vue pour tentatives de meurtre en bande organis\u00e9e et association de malfaiteurs en vue de la pr\u00e9paration de crimes.<\/p>\n<\/p>\n<p>\u00ab\u00a0Les faits d\u2019hier sont traumatisants. Ils marquent profond\u00e9ment les riverains comme les professionnels\u00a0\u00bb, a pour sa part regrett\u00e9 <a href=\"https:\/\/www.20minutes.fr\/dossier\/nathalie_appere\" class=\"color-ultramarine c-link\" target=\"_blank\" rel=\"noopener\">Nathalie App\u00e9r\u00e9<\/a>, maire de Rennes, dans un communiqu\u00e9. Le parquet de Rennes a \u00e9t\u00e9 saisi et coordonne d\u00e9sormais l\u2019enqu\u00eate sur cette fusillade.<\/p>\n","protected":false},"excerpt":{"rendered":"Le pi\u00e9ton renvers\u00e9 lors des fusillades de jeudi, \u00e0 Rennes, voit d\u00e9sormais son pronostic vital engag\u00e9, indique ce&hellip;\n","protected":false},"author":2,"featured_media":37366,"comment_status":"","ping_status":"","sticky":false,"template":"","format":"standard","meta":{"footnotes":""},"categories":[2821],"tags":[1111,47,11,6376,829,1777,674,118,7641,1011,27,3832,848,12,584,25],"class_list":{"0":"post-37365","1":"post","2":"type-post","3":"status-publish","4":"format-standard","5":"has-post-thumbnail","7":"category-rennes","8":"tag-actu","9":"tag-actualite","10":"tag-actualites","11":"tag-armes","12":"tag-bretagne","13":"tag-eu","14":"tag-europe","15":"tag-faits-divers","16":"tag-faits-divers-rennes","17":"tag-fr","18":"tag-france","19":"tag-fusillade","20":"tag-ille-et-vilaine","21":"tag-news","22":"tag-rennes","23":"tag-republique-francaise"},"share_on_mastodon":{"url":"https:\/\/pubeurope.com\/@fr\/114366744061911187","error":""},"_links":{"self":[{"href":"https:\/\/www.europesays.com\/fr\/wp-json\/wp\/v2\/posts\/37365","targetHints":{"allow":["GET"]}}],"collection":[{"href":"https:\/\/www.europesays.com\/fr\/wp-json\/wp\/v2\/posts"}],"about":[{"href":"https:\/\/www.europesays.com\/fr\/wp-json\/wp\/v2\/types\/post"}],"author":[{"embeddable":true,"href":"https:\/\/www.europesays.com\/fr\/wp-json\/wp\/v2\/users\/2"}],"replies":[{"embeddable":true,"href":"https:\/\/www.europesays.com\/fr\/wp-json\/wp\/v2\/comments?post=37365"}],"version-history":[{"count":0,"href":"https:\/\/www.europesays.com\/fr\/wp-json\/wp\/v2\/posts\/37365\/revisions"}],"wp:featuredmedia":[{"embeddable":true,"href":"https:\/\/www.europesays.com\/fr\/wp-json\/wp\/v2\/media\/37366"}],"wp:attachment":[{"href":"https:\/\/www.europesays.com\/fr\/wp-json\/wp\/v2\/media?parent=37365"}],"wp:term":[{"taxonomy":"category","embeddable":true,"href":"https:\/\/www.europesays.com\/fr\/wp-json\/wp\/v2\/categories?post=37365"},{"taxonomy":"post_tag","embeddable":true,"href":"https:\/\/www.europesays.com\/fr\/wp-json\/wp\/v2\/tags?post=37365"}],"curies":[{"name":"wp","href":"https:\/\/api.w.org\/{rel}","templated":true}]}}