{"id":373665,"date":"2025-09-07T19:43:10","date_gmt":"2025-09-07T19:43:10","guid":{"rendered":"https:\/\/www.europesays.com\/fr\/373665\/"},"modified":"2025-09-07T19:43:10","modified_gmt":"2025-09-07T19:43:10","slug":"apres-lattaque-russe-dune-ampleur-inedite-zelensky-compte-sur-une-reponse-forte-des-etats-unis","status":"publish","type":"post","link":"https:\/\/www.europesays.com\/fr\/373665\/","title":{"rendered":"apr\u00e8s l\u2019attaque russe d\u2019une ampleur in\u00e9dite, Zelensky compte sur une \u00abr\u00e9ponse forte\u00bb des \u00c9tats-Unis"},"content":{"rendered":"<p>            <a href=\"https:\/\/www.lefigaro.fr\/flash-actu\/un-enfant-americain-de-11-ans-sonne-a-une-porte-pour-s-amuser-le-proprietaire-sort-et-le-tue-avec-une-arme-a-feu-20250902\" class=\"fig-ranking-profile-link\" data-fig-domain=\"LEFIGARO\" rel=\"nofollow noopener\" target=\"_blank\"><\/p>\n<p>        Un enfant am\u00e9ricain de 11\u00a0ans sonne \u00e0 une porte pour s\u2019amuser, le propri\u00e9taire sort et le tue avec une arme \u00e0 feu<\/p>\n<p>                                                <\/a><\/p>\n<p>        <img   class=\"fig-img fig-ranking-profile-media-small-picture__photo\" alt=\"Un enfant am\u00e9ricain de 11\u00a0ans sonne \u00e0 une porte pour s\u2019amuser, le propri\u00e9taire sort et le tue avec une arme \u00e0 feu\" height=\"2002\" width=\"3000\"\/><\/p>\n<p class=\"fig-ranking-profile-standfirst\">\n    Julian Guzman, accompagn\u00e9 d\u2019un groupe d\u2019enfants, s\u2019essayait au \u00abding dong ditch\u00bb aux alentours de 23 heures samedi \u00e0 Houston, au Texas. Le propri\u00e9taire, furieux, l\u2019a abattu quelques instants plus tard en pleine rue.\n<\/p>\n<p>            <a href=\"https:\/\/www.lefigaro.fr\/flash-actu\/un-journaliste-suspendu-par-france-inter-apres-des-propos-litigieux-sur-rachida-dati-20250906\" class=\"fig-ranking-profile-link\" data-fig-domain=\"LEFIGARO\" rel=\"nofollow noopener\" target=\"_blank\"><\/p>\n<p>        Le journaliste Thomas Legrand suspendu par France Inter apr\u00e8s des propos litigieux sur Rachida Dati<\/p>\n<p>                                                <\/a><\/p>\n<p>        <img   class=\"fig-img fig-ranking-profile-media-small-picture__photo\" alt=\"Le journaliste Thomas Legrand suspendu par France Inter apr\u00e8s des propos litigieux sur Rachida Dati\" height=\"2000\" width=\"3000\"\/><\/p>\n<p class=\"fig-ranking-profile-standfirst\">\n    L\u2019Arcom a \u00e9t\u00e9 saisie apr\u00e8s la diffusion d\u2019une vid\u00e9o le montrant, en compagnie de Patrick Cohen, tenir des propos litigieux visant la ministre de la Culture, devant des responsables du PS. Les deux journalistes ont annonc\u00e9 porter plainte.\n<\/p>\n<p>            <a href=\"https:\/\/www.lefigaro.fr\/flash-actu\/les-images-cocasses-du-naufrage-d-un-yacht-de-luxe-quinze-minutes-a-peine-apres-sa-mise-a-l-eau-20250904\" class=\"fig-ranking-profile-link\" data-fig-domain=\"LEFIGARO\" rel=\"nofollow noopener\" target=\"_blank\"><\/p>\n<p>        Les images cocasses du naufrage d\u2019un yacht de luxe, quinze minutes \u00e0 peine apr\u00e8s sa mise \u00e0 l\u2019eau<\/p>\n<p>                                                <\/a><\/p>\n<p>        <img   class=\"fig-img fig-ranking-profile-media-small-picture__photo\" alt=\"Les images cocasses du naufrage d\u2019un yacht de luxe, quinze minutes \u00e0 peine apr\u00e8s sa mise \u00e0 l\u2019eau\" height=\"720\" width=\"1280\"\/><\/p>\n<p class=\"fig-ranking-profile-standfirst\">\n    <strong>VID\u00c9O &#8211;<\/strong> En Turquie, le Dolce Vento, un yacht de luxe flambant neuf d\u2019une valeur de pr\u00e8s d\u2019un million d\u2019euros, a coul\u00e9 quinze minutes \u00e0 peine apr\u00e8s sa sortie du chantier naval. Sans aucune explication.<\/p>\n","protected":false},"excerpt":{"rendered":"Un enfant am\u00e9ricain de 11\u00a0ans sonne \u00e0 une porte pour s\u2019amuser, le propri\u00e9taire sort et le tue avec&hellip;\n","protected":false},"author":2,"featured_media":373666,"comment_status":"","ping_status":"","sticky":false,"template":"","format":"standard","meta":{"footnotes":""},"categories":[1589],"tags":[11,73,1866,12,1864,1865,1863,308,134],"class_list":{"0":"post-373665","1":"post","2":"type-post","3":"status-publish","4":"format-standard","5":"has-post-thumbnail","7":"category-etats-unis","8":"tag-actualites","9":"tag-etats-unis","10":"tag-etats-unis-damerique","11":"tag-news","12":"tag-united-states","13":"tag-united-states-of-america","14":"tag-us","15":"tag-usa","16":"tag-volodymyr-zelensky"},"share_on_mastodon":{"url":"https:\/\/pubeurope.com\/@fr\/115164728794438326","error":""},"_links":{"self":[{"href":"https:\/\/www.europesays.com\/fr\/wp-json\/wp\/v2\/posts\/373665","targetHints":{"allow":["GET"]}}],"collection":[{"href":"https:\/\/www.europesays.com\/fr\/wp-json\/wp\/v2\/posts"}],"about":[{"href":"https:\/\/www.europesays.com\/fr\/wp-json\/wp\/v2\/types\/post"}],"author":[{"embeddable":true,"href":"https:\/\/www.europesays.com\/fr\/wp-json\/wp\/v2\/users\/2"}],"replies":[{"embeddable":true,"href":"https:\/\/www.europesays.com\/fr\/wp-json\/wp\/v2\/comments?post=373665"}],"version-history":[{"count":0,"href":"https:\/\/www.europesays.com\/fr\/wp-json\/wp\/v2\/posts\/373665\/revisions"}],"wp:featuredmedia":[{"embeddable":true,"href":"https:\/\/www.europesays.com\/fr\/wp-json\/wp\/v2\/media\/373666"}],"wp:attachment":[{"href":"https:\/\/www.europesays.com\/fr\/wp-json\/wp\/v2\/media?parent=373665"}],"wp:term":[{"taxonomy":"category","embeddable":true,"href":"https:\/\/www.europesays.com\/fr\/wp-json\/wp\/v2\/categories?post=373665"},{"taxonomy":"post_tag","embeddable":true,"href":"https:\/\/www.europesays.com\/fr\/wp-json\/wp\/v2\/tags?post=373665"}],"curies":[{"name":"wp","href":"https:\/\/api.w.org\/{rel}","templated":true}]}}