{"id":373667,"date":"2025-09-07T19:44:13","date_gmt":"2025-09-07T19:44:13","guid":{"rendered":"https:\/\/www.europesays.com\/fr\/373667\/"},"modified":"2025-09-07T19:44:13","modified_gmt":"2025-09-07T19:44:13","slug":"aux-origines-de-palestine-action-lorganisation-classee-terroriste-par-le-gouvernement","status":"publish","type":"post","link":"https:\/\/www.europesays.com\/fr\/373667\/","title":{"rendered":"aux origines de Palestine Action, l\u2019organisation class\u00e9e \u00abterroriste\u00bb par le gouvernement"},"content":{"rendered":"<p><strong>D\u00c9CRYPTAGE &#8211;<\/strong> Ce groupe pro-Palestine a \u00e9t\u00e9 interdit en juillet dernier. Depuis, plus de 1500 personnes ont \u00e9t\u00e9 interpell\u00e9es dans des manifestations de soutien.<\/p>\n<p class=\"fig-paragraph\">\u00ab<a href=\"http:\/\/www.lefigaro.fr\/international\/royaume-uni-150-arrestations-lors-d-un-nouveau-rassemblement-de-soutien-a-palestine-action-20250906\" data-fig-type=\"NewsFlash\" data-gtm-custom-categorie=\"navigation\" data-gtm-custom-action=\"crossclick\" data-gtm-custom-label=\"Contextuel\" data-gtm-event=\"customEventSPE\" data-fig-domain=\"LEFIGARO\" target=\"_blank\" rel=\"noopener\">Palestine Action<\/a> \u00a0est interdite en\u00a0<a href=\"http:\/\/www.lefigaro.fr\/conjoncture\/comment-la-grande-bretagne-traque-les-flux-financiers-russes-dans-les-crypto-jusqu-au-kirgizstan-20250827\" data-fig-type=\"Article\" data-gtm-custom-categorie=\"navigation\" data-gtm-custom-action=\"crossclick\" data-gtm-custom-label=\"Contextuel\" data-gtm-event=\"customEventSPE\" data-fig-domain=\"LEFIGARO\" target=\"_blank\" rel=\"noopener\">Grande-Bretagne<\/a> .\u00bb Sur le site de ce groupe pro-Palestine britannique, d\u00e9sormais inaccessible, ce message s\u2019affiche \u00e0 l\u2019\u00e9cran, en lettres blanches sur fond noir. Pour cause, cette\u00a0<a href=\"http:\/\/www.lefigaro.fr\/international\/londres-place-sur-la-liste-terroriste-et-interdit-le-groupe-militant-palestine-action-20250623\" data-fig-type=\"Article\" data-gtm-custom-categorie=\"navigation\" data-gtm-custom-action=\"crossclick\" data-gtm-custom-label=\"Contextuel\" data-gtm-event=\"customEventSPE\" data-fig-domain=\"LEFIGARO\" target=\"_blank\" rel=\"noopener\">organisation a \u00e9t\u00e9 class\u00e9e \u00abterroriste\u00bb<\/a> \u00a0en juillet par le gouvernement travailliste de\u00a0<a href=\"http:\/\/www.lefigaro.fr\/international\/keir-starmer-annonce-un-accord-pour-un-echange-de-migrants-entre-le-royaume-uni-et-la-france-20250710\" data-fig-type=\"NewsFlash\" data-gtm-custom-categorie=\"navigation\" data-gtm-custom-action=\"crossclick\" data-gtm-custom-label=\"Contextuel\" data-gtm-event=\"customEventSPE\" data-fig-domain=\"LEFIGARO\" target=\"_blank\" rel=\"noopener\">Keir Starmer<\/a>. Une d\u00e9cision jug\u00e9e excessive par les d\u00e9fenseurs de la Palestine Outre-Manche, qui ont entam\u00e9 un v\u00e9ritable bras de fer avec le pouvoir britannique en organisant plusieurs manifestations de soutien \u00e0 Palestine Action depuis l\u2019\u00e9t\u00e9.<\/p>\n<p class=\"fig-paragraph\">La cr\u00e9ation de l\u2019organisation est r\u00e9cente\u00a0: elle date de 2020, sur l\u2019initiative conjointe des militants Huda Ammori et Richard Barnard. N\u00e9e \u00e0 Bolton d\u2019un p\u00e8re palestinien et d\u2019une m\u00e8re irakienne, Huda Ammori, 31 ans, a d\u00e9clar\u00e9 au magazine Prospect l\u2019ann\u00e9e derni\u00e8re que son arri\u00e8re-grand-p\u00e8re avait \u00e9t\u00e9 tu\u00e9 par les Britanniques dans le soul\u00e8vement de 1936 en Palestine. Militante pro-Palestine, elle a fait ses armes chez Palestine Solidarity Campaign\u2026<\/p>\n<p class=\"fig-premium-paywall__infos\">\n        Cet article est r\u00e9serv\u00e9 aux abonn\u00e9s.        Il vous reste 86% \u00e0 d\u00e9couvrir.\n    <\/p>\n<p>                <img  data- alt=\"Le Figaro\" class=\"fig-img--complete fig-img\"\/><\/p>\n<p class=\"fig-premium-paywall__title\">Vente Flash<\/p>\n<p class=\"fig-premium-paywall__subtitle\">4,99\u20ac par mois pendant 12 mois. Sans engagement<\/p>\n<p class=\"fig-premium-paywall__connect\">\n                D\u00e9j\u00e0 abonn\u00e9\u00a0?                <a class=\"fig-premium-paywall__connect-link\" href=\"https:\/\/connect.lefigaro.fr\/login?client=horizon_web&amp;type=main&amp;redirect_uri=https%3A%2F%2Fwww.lefigaro.fr%2Finternational%2Froyaume-uni-aux-origines-de-palestine-action-l-organisation-classee-terroriste-par-le-gouvernement-20250907\" data-js-gtm=\"{&quot;customCategorie&quot;: &quot;conversion&quot;, &quot;customAction&quot;: &quot;before_Landing_Connexion_paywall_auto&quot;, &quot;customLabel&quot;: &quot;bGVmaWdhcm8uZnJfXzFmMDhiYjY1LWI3NWMtNjhiNC04ZTFhLWQzYmIwYmI2MzhiNV9fQXJ0aWNsZQ==_Royaume-Uni\u00a0: aux origines de Palestine Action, l\u2019organisation class\u00e9e \u00abterroriste\u00bb par le gouvernement_454&quot;, &quot;customIDSPE&quot;: &quot;bGVmaWdhcm8uZnJfXzFmMDhiYjY1LWI3NWMtNjhiNC04ZTFhLWQzYmIwYmI2MzhiNV9fQXJ0aWNsZQ==&quot;, &quot;event&quot;: &quot;customEventSPE&quot;}\" target=\"_blank\" rel=\"noopener\"><br \/>\n                    Connectez-vous<br \/>\n                <\/a>\n            <\/p>\n","protected":false},"excerpt":{"rendered":"D\u00c9CRYPTAGE &#8211; Ce groupe pro-Palestine a \u00e9t\u00e9 interdit en juillet dernier. Depuis, plus de 1500 personnes ont \u00e9t\u00e9&hellip;\n","protected":false},"author":2,"featured_media":373668,"comment_status":"","ping_status":"","sticky":false,"template":"","format":"standard","meta":{"footnotes":""},"categories":[1588],"tags":[11,1777,674,664,1272,12,3518,473,1853,1254,1851,1850,1852],"class_list":{"0":"post-373667","1":"post","2":"type-post","3":"status-publish","4":"format-standard","5":"has-post-thumbnail","7":"category-royaume-uni","8":"tag-actualites","9":"tag-eu","10":"tag-europe","11":"tag-israel","12":"tag-manifestations","13":"tag-news","14":"tag-palestine","15":"tag-royaume-uni","16":"tag-royaume-uni-de-grande-bretagne-et-dirlande-du-nord","17":"tag-terrorisme","18":"tag-uk","19":"tag-united-kingdom","20":"tag-united-kingdom-of-great-britain-and-northern-ireland"},"share_on_mastodon":{"url":"https:\/\/pubeurope.com\/@fr\/115164732826302733","error":""},"_links":{"self":[{"href":"https:\/\/www.europesays.com\/fr\/wp-json\/wp\/v2\/posts\/373667","targetHints":{"allow":["GET"]}}],"collection":[{"href":"https:\/\/www.europesays.com\/fr\/wp-json\/wp\/v2\/posts"}],"about":[{"href":"https:\/\/www.europesays.com\/fr\/wp-json\/wp\/v2\/types\/post"}],"author":[{"embeddable":true,"href":"https:\/\/www.europesays.com\/fr\/wp-json\/wp\/v2\/users\/2"}],"replies":[{"embeddable":true,"href":"https:\/\/www.europesays.com\/fr\/wp-json\/wp\/v2\/comments?post=373667"}],"version-history":[{"count":0,"href":"https:\/\/www.europesays.com\/fr\/wp-json\/wp\/v2\/posts\/373667\/revisions"}],"wp:featuredmedia":[{"embeddable":true,"href":"https:\/\/www.europesays.com\/fr\/wp-json\/wp\/v2\/media\/373668"}],"wp:attachment":[{"href":"https:\/\/www.europesays.com\/fr\/wp-json\/wp\/v2\/media?parent=373667"}],"wp:term":[{"taxonomy":"category","embeddable":true,"href":"https:\/\/www.europesays.com\/fr\/wp-json\/wp\/v2\/categories?post=373667"},{"taxonomy":"post_tag","embeddable":true,"href":"https:\/\/www.europesays.com\/fr\/wp-json\/wp\/v2\/tags?post=373667"}],"curies":[{"name":"wp","href":"https:\/\/api.w.org\/{rel}","templated":true}]}}