{"id":373675,"date":"2025-09-07T19:48:13","date_gmt":"2025-09-07T19:48:13","guid":{"rendered":"https:\/\/www.europesays.com\/fr\/373675\/"},"modified":"2025-09-07T19:48:13","modified_gmt":"2025-09-07T19:48:13","slug":"on-connait-lorigine-des-fumees-apercues-ce-dimanche-soir-a-nice","status":"publish","type":"post","link":"https:\/\/www.europesays.com\/fr\/373675\/","title":{"rendered":"On connait l&rsquo;origine des fum\u00e9es aper\u00e7ues ce dimanche soir \u00e0 Nice"},"content":{"rendered":"<p>De nombreux Ni\u00e7ois se demandent d&rsquo;o\u00f9 vient une \u00e9paisse fum\u00e9e noire dans le ciel de Nice. Un feu d&rsquo;habitation est en cours quartier Saint Roch (place de la Brigue) \u00e0 Nice. Un important dispositif est sur place, \u00e9vitez de circuler dans le secteur. <\/p>\n<p>Ce dimanche 7 septembre 2025, les ni\u00e7ois sont nombreux \u00e0 s&rsquo;\u00e9tonner d&rsquo;une \u00e9paisse fum\u00e9e qui se d\u00e9gage du centre ville. Les pompiers de Nice confirment <strong>un feu d&rsquo;habitation g\u00e9n\u00e9ralis\u00e9 place de la Brigue dans le quartier Saint Roch de Nice<\/strong> \u00e0 proximit\u00e9 de la route de Turin.<br \/>5 engins sont sur place, ce feu mobilise pr\u00e8s de 20 sapeurs-pompiers.<\/p>\n<p><img loading=\"lazy\" decoding=\"async\" class=\"VisualPreview svelte-1rldrkz\" src=\"data:image\/jpeg;base64,\/9j\/2wBDACgcHiMeGSgjISMtKygwPGRBPDc3PHtYXUlkkYCZlo+AjIqgtObDoKrarYqMyP\/L2u71\/\/\/\/m8H\/\/\/\/6\/+b9\/\/j\/2wBDASstLTw1PHZBQXb4pYyl+Pj4+Pj4+Pj4+Pj4+Pj4+Pj4+Pj4+Pj4+Pj4+Pj4+Pj4+Pj4+Pj4+Pj4+Pj4+Pj4+Pj\/wAARCAAqAB8DASIAAhEBAxEB\/8QAFwABAQEBAAAAAAAAAAAAAAAAAgEAA\/\/EABgQAQEBAQEAAAAAAAAAAAAAAAABAhIR\/8QAFgEAAwAAAAAAAAAAAAAAAAAAAQID\/8QAFREBAQAAAAAAAAAAAAAAAAAAABH\/2gAMAwEAAhEDEQA\/AJ6nrn03SlTh+p0F0N0NCD03QpajVYV0F0loWjQjt4NOhohw0FpaCmK\/\/9k=\" alt=\"L'incendie place de la Brigue \u00e0 Nice\" width=\"600\" height=\"796\"\/>  L&rsquo;incendie place de la Brigue \u00e0 Nice  &#8211; SDIS 06<\/p>\n<p>D&rsquo;apr\u00e8s un agent de la M\u00e9tropole ni\u00e7oise que notre journaliste a rencontr\u00e9 sur place, il s&rsquo;agit d&rsquo;un b\u00e2timent municipal qui n&rsquo;est plus utilis\u00e9 depuis une vingtaine d&rsquo;ann\u00e9es. Le b\u00e2timent en feu a \u00e9t\u00e9 squatt\u00e9 r\u00e9cemment.<\/p>\n<p><strong>Les pompiers de Nice indiquent qu&rsquo;il n&rsquo;y a pas de victimes recens\u00e9es, mais l&rsquo;intervention est en toujours en cours.<\/strong><br \/>Le SAMU de Nice est sur place en attente de potentielles victimes.\u00a0<br \/>La reconnaissance du rez-de-chauss\u00e9e du b\u00e2timent incendi\u00e9 va prendre du temps. Il pourrait y avoir la venue d&rsquo;un chien sur place pour essayer de retrouver des victimes.<\/p>\n<p>A 20h50, les pompiers de Nice indiquent \u00eatre\u00a0ma\u00eetres du feu. 3 lances dont une sur la grande \u00e9chelle ont \u00e9t\u00e9 n\u00e9cessaire pour venir \u00e0 bout de ce sinistre au plus fort de l&rsquo;intervention.<\/p>\n<p>Les habitants des quartiers alentours (jusqu&rsquo;au Port de Nice) doivent ce dimanche soir fermer leurs fen\u00eatres \u00e0 cause des fum\u00e9es encore importantes.<\/p>\n<p><strong>Le feu concerne un b\u00e2timent de 500m\u00b2 aux abords des rails des chemins de fer de la SNCF, la circulation des trains est perturb\u00e9e.<\/strong><\/p>\n<p>Cette intervention des pompiers de Nice a un impact ce dimanche soir sur la circulation des trains entre Menton et Nice. Selon les tableaux d&rsquo;affichages de la gare de Nice Ville les retards sont d\u00e9j\u00e0 nombreux.<\/p>\n<p><img loading=\"lazy\" decoding=\"async\" class=\"VisualPreview svelte-1rldrkz\" src=\"data:image\/jpeg;base64,\/9j\/2wBDACgcHiMeGSgjISMtKygwPGRBPDc3PHtYXUlkkYCZlo+AjIqgtObDoKrarYqMyP\/L2u71\/\/\/\/m8H\/\/\/\/6\/+b9\/\/j\/2wBDASstLTw1PHZBQXb4pYyl+Pj4+Pj4+Pj4+Pj4+Pj4+Pj4+Pj4+Pj4+Pj4+Pj4+Pj4+Pj4+Pj4+Pj4+Pj4+Pj4+Pj\/wAARCAAXACoDASIAAhEBAxEB\/8QAFwABAQEBAAAAAAAAAAAAAAAAAAECA\/\/EABQQAQAAAAAAAAAAAAAAAAAAAAD\/xAAXAQEAAwAAAAAAAAAAAAAAAAAAAQID\/8QAFBEBAAAAAAAAAAAAAAAAAAAAAP\/aAAwDAQACEQMRAD8A4IqKMgABAENIAAAIAD\/\/2Q==\" alt=\"Tableau d'affichage en gare de Nice Ville, dimanche 7 septembre \u00e0 20h20\" width=\"600\" height=\"329\"\/>  Tableau d&rsquo;affichage en gare de Nice Ville, dimanche 7 septembre \u00e0 20h20 \u00a9 Radio France &#8211; Nicolas M\u00e9rou<\/p>\n<p><strong>De nombreuses photos sur les r\u00e9seaux sociaux<\/strong><\/p>\n<p>Ce dimanche soir de nombreux internautes publient des photos de cet important d\u00e9gagement de fum\u00e9e depuis le Col de Vence, le Broc, Gatti\u00e8res ou encore Antibes.<\/p>\n<p><img loading=\"lazy\" decoding=\"async\" class=\"VisualPreview svelte-1rldrkz\" src=\"data:image\/jpeg;base64,\/9j\/2wBDACgcHiMeGSgjISMtKygwPGRBPDc3PHtYXUlkkYCZlo+AjIqgtObDoKrarYqMyP\/L2u71\/\/\/\/m8H\/\/\/\/6\/+b9\/\/j\/2wBDASstLTw1PHZBQXb4pYyl+Pj4+Pj4+Pj4+Pj4+Pj4+Pj4+Pj4+Pj4+Pj4+Pj4+Pj4+Pj4+Pj4+Pj4+Pj4+Pj4+Pj\/wAARCAAqAB8DASIAAhEBAxEB\/8QAGAAAAwEBAAAAAAAAAAAAAAAAAAECAwT\/xAAWEAEBAQAAAAAAAAAAAAAAAAAAEhH\/xAAWAQEBAQAAAAAAAAAAAAAAAAAAAgP\/xAAVEQEBAAAAAAAAAAAAAAAAAAAAEf\/aAAwDAQACEQMRAD8A7NGooU0QvRqKFAxoUxo6TVRtQpjQopGWnqDSpWlpAH\/\/2Q==\" alt=\"Une vue de l'incendie de Nice du dimanche 7 septembre vue par M\u00e9lody depuis le Col de Vence\" width=\"600\" height=\"800\"\/>  Une vue de l&rsquo;incendie de Nice du dimanche 7 septembre vue par M\u00e9lody depuis le Col de Vence  &#8211; M\u00e9lody de Vence<img loading=\"lazy\" decoding=\"async\" class=\"VisualPreview svelte-1rldrkz\" src=\"data:image\/jpeg;base64,\/9j\/2wBDACgcHiMeGSgjISMtKygwPGRBPDc3PHtYXUlkkYCZlo+AjIqgtObDoKrarYqMyP\/L2u71\/\/\/\/m8H\/\/\/\/6\/+b9\/\/j\/2wBDASstLTw1PHZBQXb4pYyl+Pj4+Pj4+Pj4+Pj4+Pj4+Pj4+Pj4+Pj4+Pj4+Pj4+Pj4+Pj4+Pj4+Pj4+Pj4+Pj4+Pj\/wAARCAAqAB8DASIAAhEBAxEB\/8QAFwABAQEBAAAAAAAAAAAAAAAAAAECA\/\/EABYQAQEBAAAAAAAAAAAAAAAAAAAREv\/EABYBAQEBAAAAAAAAAAAAAAAAAAABA\/\/EABQRAQAAAAAAAAAAAAAAAAAAAAD\/2gAMAwEAAhEDEQA\/AOlK56TTVm61K56NKMVKzUojdKxSgAIIAo\/\/2Q==\" alt=\"L'incendie du dimanche 7 septembre 2025 vu par Luc depuis Antibes\" width=\"600\" height=\"800\"\/>  L&rsquo;incendie du dimanche 7 septembre 2025 vu par Luc depuis Antibes  &#8211; Luc d&rsquo;Antibes<img loading=\"lazy\" decoding=\"async\" class=\"VisualPreview svelte-1rldrkz\" src=\"data:image\/jpeg;base64,\/9j\/2wBDACgcHiMeGSgjISMtKygwPGRBPDc3PHtYXUlkkYCZlo+AjIqgtObDoKrarYqMyP\/L2u71\/\/\/\/m8H\/\/\/\/6\/+b9\/\/j\/2wBDASstLTw1PHZBQXb4pYyl+Pj4+Pj4+Pj4+Pj4+Pj4+Pj4+Pj4+Pj4+Pj4+Pj4+Pj4+Pj4+Pj4+Pj4+Pj4+Pj4+Pj\/wAARCAAqABcDASIAAhEBAxEB\/8QAGAAAAwEBAAAAAAAAAAAAAAAAAAECAwT\/xAAYEAEBAQEBAAAAAAAAAAAAAAAAARECEv\/EABcBAAMBAAAAAAAAAAAAAAAAAAABAgP\/xAAVEQEBAAAAAAAAAAAAAAAAAAAAEf\/aAAwDAQACEQMRAD8A67S1NqdbMY00IlAETek+kXotRVxpOgz0HSjP0eoOIUuUFAA\/\/9k=\" alt=\"Une vue de l'incendie de Nice depuis le quartier de Magnan\" width=\"600\" height=\"1066\"\/>  Une vue de l&rsquo;incendie de Nice depuis le quartier de Magnan \u00a9 Radio France &#8211; Nicolas M\u00e9rou<\/p>\n","protected":false},"excerpt":{"rendered":"De nombreux Ni\u00e7ois se demandent d&rsquo;o\u00f9 vient une \u00e9paisse fum\u00e9e noire dans le ciel de Nice. Un feu&hellip;\n","protected":false},"author":2,"featured_media":373676,"comment_status":"","ping_status":"","sticky":false,"template":"","format":"standard","meta":{"footnotes":""},"categories":[2],"tags":[11,1011,27,12,25],"class_list":{"0":"post-373675","1":"post","2":"type-post","3":"status-publish","4":"format-standard","5":"has-post-thumbnail","7":"category-actualites","8":"tag-actualites","9":"tag-fr","10":"tag-france","11":"tag-news","12":"tag-republique-francaise"},"share_on_mastodon":{"url":"","error":""},"_links":{"self":[{"href":"https:\/\/www.europesays.com\/fr\/wp-json\/wp\/v2\/posts\/373675","targetHints":{"allow":["GET"]}}],"collection":[{"href":"https:\/\/www.europesays.com\/fr\/wp-json\/wp\/v2\/posts"}],"about":[{"href":"https:\/\/www.europesays.com\/fr\/wp-json\/wp\/v2\/types\/post"}],"author":[{"embeddable":true,"href":"https:\/\/www.europesays.com\/fr\/wp-json\/wp\/v2\/users\/2"}],"replies":[{"embeddable":true,"href":"https:\/\/www.europesays.com\/fr\/wp-json\/wp\/v2\/comments?post=373675"}],"version-history":[{"count":0,"href":"https:\/\/www.europesays.com\/fr\/wp-json\/wp\/v2\/posts\/373675\/revisions"}],"wp:featuredmedia":[{"embeddable":true,"href":"https:\/\/www.europesays.com\/fr\/wp-json\/wp\/v2\/media\/373676"}],"wp:attachment":[{"href":"https:\/\/www.europesays.com\/fr\/wp-json\/wp\/v2\/media?parent=373675"}],"wp:term":[{"taxonomy":"category","embeddable":true,"href":"https:\/\/www.europesays.com\/fr\/wp-json\/wp\/v2\/categories?post=373675"},{"taxonomy":"post_tag","embeddable":true,"href":"https:\/\/www.europesays.com\/fr\/wp-json\/wp\/v2\/tags?post=373675"}],"curies":[{"name":"wp","href":"https:\/\/api.w.org\/{rel}","templated":true}]}}