{"id":373681,"date":"2025-09-07T19:51:10","date_gmt":"2025-09-07T19:51:10","guid":{"rendered":"https:\/\/www.europesays.com\/fr\/373681\/"},"modified":"2025-09-07T19:51:10","modified_gmt":"2025-09-07T19:51:10","slug":"irish-open-rory-mcilroy-triomphe-en-play-off-adrien-saddier-5e-lequipe","status":"publish","type":"post","link":"https:\/\/www.europesays.com\/fr\/373681\/","title":{"rendered":"Irish Open : Rory McIlroy triomphe en play-off, Adrien Saddier 5e &#8211; L&#039;\u00c9quipe"},"content":{"rendered":"<ol>\n<li><a href=\"https:\/\/news.google.com\/rss\/articles\/CBMirgFBVV95cUxOVzlEVTlMRHlnamotZng3bEQxWmJoaDIzbmc3TFpwa2huRk9hdDVReU80bjQ0d01JSXhWSFRzRTVfY09GTWxWcXpxTFFpM2ZOREpCR3ZhMWZpTnhvaEQtVmdRMW8xWTMtYnhHZFJiZjgxX0NMaHRzSlAwSFZYWmdyeHBZeGRvNXAtY3g0NTVhTC01bE1MTkF4MTZlWUU4RkJNeUI0S0c3TzdkbGt2ZkE?oc=5\" target=\"_blank\" rel=\"nofollow noopener\">Irish Open : Rory McIlroy triomphe en play-off, Adrien Saddier 5e<\/a>&nbsp;&nbsp;L&rsquo;\u00c9quipe<\/li>\n<li><a href=\"https:\/\/news.google.com\/rss\/articles\/CBMiowFBVV95cUxOckRSSWx6SG1jbExOdnVpcXJDeFhnREtPejVzQXlQN042UnBSZ1Zld0xJMXMtUV9ZakpTZDVhSnBoeHFoRmNZMTNmYUgzR3c3X0Y1aGZqMGRyNjlBREtQclRBdnVtRVJubVlNazBLa0VGN3BZSXNibmZsb3NYcFdSQXd0UUlFMEpPNkdyX1BIY1lMSzNVM0hmdEkzWld5dUxydkRN?oc=5\" target=\"_blank\" rel=\"nofollow noopener\">Amgen Irish Open : Saddier prend les commandes<\/a>&nbsp;&nbsp;F\u00e9d\u00e9ration Fran\u00e7aise de Golf<\/li>\n<li><a href=\"https:\/\/news.google.com\/rss\/articles\/CBMipAFBVV95cUxPVmRoUC1OWm1iOG9ING0zUlBNSXlYRWlvVElYNGpLWnJmTnFpYnA5bmdMa3VwS1B2NXk1NUI0TmxGckRsVkd1M21wMG8wb3pHSXJpWDk3VEQzWFRjU0k0LWF4TUZndFNFYXlLRzFvR2NMYUM5LWZ3RTVwc2VFdUdJSng4ZnRKU2V4eTZxN19nYUhQRkVjOWJJM0tMVzFHMmFRVm1vZg?oc=5\" target=\"_blank\" rel=\"nofollow noopener\">Adrien Saddier : \u00ab Le public irlandais, c\u2019est sans doute le meilleur \u00bb<\/a>&nbsp;&nbsp;Golf Plan\u00e8te<\/li>\n<li><a href=\"https:\/\/news.google.com\/rss\/articles\/CBMikAJBVV95cUxPUGVqeURqd2JfY0VNZDQycDI4VGk3OVJwU0NaZ0ItQ2RPVlRETmEwMGRuODgzclRISElQZFJqWjQxZmZ3SkF6YXE1aE5Fa0N5RFR4LUk5azduYXZrX3htRUw2Sm9fNUphVVhZQW5CUjc3YV9SN0xqVGpvYVZUXzlsc2hZTVRobDlOOUVxWDZvclJqazRVLUpRY1dPMWREZkkzNmNQamZZOGtFVUl3NUxJRDlFM1dhWnk5bktHMk82N3A4Y3VxYV95blJ4dTRHWldHdkt1cUpqSHN6ZncwUzlabTA1T1dUX1VfNEEyRmxkcTFpSjMydDNCWmt0bTFHb3lBNEtvcjZQTUJoLXhYX3diVg?oc=5\" target=\"_blank\" rel=\"nofollow noopener\">Golf. DPW Tour &#8211; Irish Open : Adrien Saddier prend les commandes avant le final, Rory McIlroy plac\u00e9<\/a>&nbsp;&nbsp;Ouest-France<\/li>\n<li><a href=\"https:\/\/news.google.com\/rss\/articles\/CBMiugFBVV95cUxNeU9YMFNQR19FTktHTXBScVl3bHdINWcxNGczZGd6R1duSGZ0TnZkSnRUTl9WMVhQWFB1SzBoMnphUjFMbF96NEZkUGVsR1RBeHF4ZHRINk1lc3NTb2JTV3FqWHcxZC1jTFF2cEhzdktmYlVScklVVXVKWWZiTzBNTFRvWEljSFYydTg0T3ptVU5NUEJZRWRqTENFOTluVjl3TGJndGdkQ0tLMFpfb19jNWhRZnB4M1VUWUE?oc=5\" target=\"_blank\" rel=\"nofollow noopener\">DP World Tour &#8211; Thomas Detry se rapproche du top 20 de l&rsquo;Open d&rsquo;Irlande apr\u00e8s le 3e tour<\/a>&nbsp;&nbsp;StarSportTV<\/li>\n<\/ol>\n","protected":false},"excerpt":{"rendered":"Irish Open : Rory McIlroy triomphe en play-off, Adrien Saddier 5e&nbsp;&nbsp;L&rsquo;\u00c9quipe Amgen Irish Open : Saddier prend les&hellip;\n","protected":false},"author":2,"featured_media":373682,"comment_status":"","ping_status":"","sticky":false,"template":"","format":"standard","meta":{"footnotes":""},"categories":[1418],"tags":[1011,27,1472,60],"class_list":{"0":"post-373681","1":"post","2":"type-post","3":"status-publish","4":"format-standard","5":"has-post-thumbnail","7":"category-golf","8":"tag-fr","9":"tag-france","10":"tag-golf","11":"tag-sports"},"share_on_mastodon":{"url":"https:\/\/pubeurope.com\/@fr\/115164760193567186","error":""},"_links":{"self":[{"href":"https:\/\/www.europesays.com\/fr\/wp-json\/wp\/v2\/posts\/373681","targetHints":{"allow":["GET"]}}],"collection":[{"href":"https:\/\/www.europesays.com\/fr\/wp-json\/wp\/v2\/posts"}],"about":[{"href":"https:\/\/www.europesays.com\/fr\/wp-json\/wp\/v2\/types\/post"}],"author":[{"embeddable":true,"href":"https:\/\/www.europesays.com\/fr\/wp-json\/wp\/v2\/users\/2"}],"replies":[{"embeddable":true,"href":"https:\/\/www.europesays.com\/fr\/wp-json\/wp\/v2\/comments?post=373681"}],"version-history":[{"count":0,"href":"https:\/\/www.europesays.com\/fr\/wp-json\/wp\/v2\/posts\/373681\/revisions"}],"wp:featuredmedia":[{"embeddable":true,"href":"https:\/\/www.europesays.com\/fr\/wp-json\/wp\/v2\/media\/373682"}],"wp:attachment":[{"href":"https:\/\/www.europesays.com\/fr\/wp-json\/wp\/v2\/media?parent=373681"}],"wp:term":[{"taxonomy":"category","embeddable":true,"href":"https:\/\/www.europesays.com\/fr\/wp-json\/wp\/v2\/categories?post=373681"},{"taxonomy":"post_tag","embeddable":true,"href":"https:\/\/www.europesays.com\/fr\/wp-json\/wp\/v2\/tags?post=373681"}],"curies":[{"name":"wp","href":"https:\/\/api.w.org\/{rel}","templated":true}]}}