{"id":373683,"date":"2025-09-07T19:54:10","date_gmt":"2025-09-07T19:54:10","guid":{"rendered":"https:\/\/www.europesays.com\/fr\/373683\/"},"modified":"2025-09-07T19:54:10","modified_gmt":"2025-09-07T19:54:10","slug":"resultat-maja-chwalinska-darja-semenistaja-wta-125-montreux-finale-dimanche-07-septembre-2025-lequipe","status":"publish","type":"post","link":"https:\/\/www.europesays.com\/fr\/373683\/","title":{"rendered":"R\u00e9sultat : Maja Chwalinska &#8211; Darja Semenistaja, WTA 125, Montreux, Finale, Dimanche 07 septembre 2025 &#8211; L&#039;\u00c9quipe"},"content":{"rendered":"<ol>\n<li><a href=\"https:\/\/news.google.com\/rss\/articles\/CBMiyAFBVV95cUxObUR5WWlqSlVDdnhiQzIyZ3RUTl8wdE5SaUVTWHhCZzIzaGczZXZUXzVaVElIMWZJUkprTm56ZER0OXhnSzItNGdjZC1pS3Y3TE01S1h5UGZaWHRuUU1qYWxvZWlNMmRyd2VsOWpDeFdBWmtwZS1DcklIS3JnLWVFUDFRUHV1U3dwZzAtWEwyOVd5WGVYekREQ3BPbk90THFkYURBTEZEcHJfeVh1MWNQX3l6RHdweXRSM3NfUEFwbU5rVF9BeFVFTw?oc=5\" target=\"_blank\" rel=\"nofollow noopener\">R\u00e9sultat : Maja Chwalinska &#8211; Darja Semenistaja, WTA 125, Montreux, Finale, Dimanche 07 septembre 2025<\/a>&nbsp;&nbsp;L&rsquo;\u00c9quipe<\/li>\n<li><a href=\"https:\/\/news.google.com\/rss\/articles\/CBMilwFBVV95cUxOMGFwR3RLdjNJRmlta1RCZ2dVWE51M2RSYXctbFNkVGRuZnZ4Y1NwS01OeFlhUEQxTGRkejJfamNzdnBvWnNMM3laNi1zNkdNOGg3WTRGRFI1cHk5Wkk5OUpkMnpiS2FkYUJaNm9KcFhURXNTQlUxa2lzU0lpSjJaNXk5TEw4d2FuSGhPZU9yOFZsZ09YUElJ?oc=5\" target=\"_blank\" rel=\"nofollow noopener\">DIRECT \u2013 Suivez la finale du Montreux Nestl\u00e9 Open<\/a>&nbsp;&nbsp;L\u00e9man Bleu<\/li>\n<li><a href=\"https:\/\/news.google.com\/rss\/articles\/CBMi3AFBVV95cUxQdjBOY3NKak9UZGJXaENuckhsQ2s0LThFQUd4dm9JaEFIMi1iZHgxUkU3eHVwc01uTTBfdnQwY05aekdDSDdvUkQ5enRrM0Rkd0lQTDRCUEZPcWRTUEdWa3U4aGppTTFlSGZIWkw3dFBQMVQzTlhOR1RmTG8tSzRfNzNPdkZ3UjV3X3BueV9jQWxtYTZUdklTZnVLZnZrVlNTTlJUME56VzloRnljRDdTUm52Y1htTlVLdVJWSlpJS1RYTWwtWHdkSHlBZTdqb0tIdjQ4X0xJMnk0UzFF?oc=5\" target=\"_blank\" rel=\"nofollow noopener\">Si le Montreux Open a pu changer de dimension, c&rsquo;est aussi gr\u00e2ce \u00e0 Nestl\u00e9<\/a>&nbsp;&nbsp;Blick<\/li>\n<li><a href=\"https:\/\/news.google.com\/rss\/articles\/CBMilwFBVV95cUxOOUFfbWpGbFNFd1kyOUJsZVpKRXIxeExqbUhZRGtyeTd0Qy1XaEFpYUxIcG1wZlJiRWNfZEh5a1pHSWlJNFFaYV82anJiY3ZGNnVRcnQweHc1UkpjVFVpUzRKRXZjTkl6RnhmMmtiZFZiTkpIWTVndDlOR1dWS2xoRlBPaS1sRGxBZnd0b3B2UVpUaUkzOTVF?oc=5\" target=\"_blank\" rel=\"nofollow noopener\">DIRECT \u2013 Suivez les demi-finales du Montreux Nestl\u00e9 Open<\/a>&nbsp;&nbsp;L\u00e9man Bleu<\/li>\n<li><a href=\"https:\/\/news.google.com\/rss\/articles\/CBMimAFBVV95cUxQYTNjZEJNNHI5NHBRYjAxTl94R0xNY0lSRDdvVFdsLWhwWTNJMWlGZGQ4czVCb015S2RlUXl0cHdLRmN5RXV3bktTejg5Y0ZWNEpEMlpaTTlTc3pJYVlfTlRRVjdaMlN2VnVNNVNnZFRHcFlXOEhCTmNBNk9TaFlqeEFKZzJ2ejVaQ2JMVnlJb3psalZMUi1MZw?oc=5\" target=\"_blank\" rel=\"nofollow noopener\">Ons Jabeur: \u00abJe vais revenir un jour, c&rsquo;est s\u00fbr\u00bb<\/a>&nbsp;&nbsp;L\u00e9man Bleu<\/li>\n<\/ol>\n","protected":false},"excerpt":{"rendered":"R\u00e9sultat : Maja Chwalinska &#8211; Darja Semenistaja, WTA 125, Montreux, Finale, Dimanche 07 septembre 2025&nbsp;&nbsp;L&rsquo;\u00c9quipe DIRECT \u2013 Suivez&hellip;\n","protected":false},"author":2,"featured_media":1983,"comment_status":"","ping_status":"","sticky":false,"template":"","format":"standard","meta":{"footnotes":""},"categories":[1415],"tags":[1011,27,60,1467],"class_list":{"0":"post-373683","1":"post","2":"type-post","3":"status-publish","4":"format-standard","5":"has-post-thumbnail","7":"category-tennis","8":"tag-fr","9":"tag-france","10":"tag-sports","11":"tag-tennis"},"share_on_mastodon":{"url":"https:\/\/pubeurope.com\/@fr\/115164771936715221","error":""},"_links":{"self":[{"href":"https:\/\/www.europesays.com\/fr\/wp-json\/wp\/v2\/posts\/373683","targetHints":{"allow":["GET"]}}],"collection":[{"href":"https:\/\/www.europesays.com\/fr\/wp-json\/wp\/v2\/posts"}],"about":[{"href":"https:\/\/www.europesays.com\/fr\/wp-json\/wp\/v2\/types\/post"}],"author":[{"embeddable":true,"href":"https:\/\/www.europesays.com\/fr\/wp-json\/wp\/v2\/users\/2"}],"replies":[{"embeddable":true,"href":"https:\/\/www.europesays.com\/fr\/wp-json\/wp\/v2\/comments?post=373683"}],"version-history":[{"count":0,"href":"https:\/\/www.europesays.com\/fr\/wp-json\/wp\/v2\/posts\/373683\/revisions"}],"wp:featuredmedia":[{"embeddable":true,"href":"https:\/\/www.europesays.com\/fr\/wp-json\/wp\/v2\/media\/1983"}],"wp:attachment":[{"href":"https:\/\/www.europesays.com\/fr\/wp-json\/wp\/v2\/media?parent=373683"}],"wp:term":[{"taxonomy":"category","embeddable":true,"href":"https:\/\/www.europesays.com\/fr\/wp-json\/wp\/v2\/categories?post=373683"},{"taxonomy":"post_tag","embeddable":true,"href":"https:\/\/www.europesays.com\/fr\/wp-json\/wp\/v2\/tags?post=373683"}],"curies":[{"name":"wp","href":"https:\/\/api.w.org\/{rel}","templated":true}]}}