{"id":373684,"date":"2025-09-07T19:56:11","date_gmt":"2025-09-07T19:56:11","guid":{"rendered":"https:\/\/www.europesays.com\/fr\/373684\/"},"modified":"2025-09-07T19:56:11","modified_gmt":"2025-09-07T19:56:11","slug":"alex-marquez-remporte-le-duel-fraternel-et-retarde-le-titre-de-marc-marquez-en-motogp","status":"publish","type":"post","link":"https:\/\/www.europesays.com\/fr\/373684\/","title":{"rendered":"\u00c1lex M\u00e1rquez remporte le duel fraternel et retarde le titre de Marc M\u00e1rquez en MotoGP &#8211;"},"content":{"rendered":"<p>Marc M\u00e1rquez (Ducati) et \u00c1lex M\u00e1rquez (Gresini) ont ravi les fans du GP de Catalogne avec une double victoire des fr\u00e8res apr\u00e8s un duel passionnant et une classe de ma\u00eetre d&rsquo;\u00c1lex. Alors que Marc, qui a domin\u00e9 la saison et remportera certainement son septi\u00e8me titre de champion du monde cette ann\u00e9e, a gagn\u00e9 la course Sprint, c&rsquo;est \u00c1lex, le fr\u00e8re cadet, qui a \u00e9tonn\u00e9 en prenant la pole position et en \u00e9tablissant un record de piste sur le circuit de Montmel\u00f3.<\/p>\n<p>Lors de la course de dimanche, Marc a r\u00e9ussi \u00e0 prendre la position de t\u00eate \u00e0 \u00c1lex, mais \u00c1lex l&rsquo;a reprise au quatri\u00e8me tour et a conserv\u00e9 sa position malgr\u00e9 le fait que Marc l&rsquo;ait pouss\u00e9e \u00e0 fond. Loin de la t\u00eate de la course, Enea Bastianini a \u00e9galement remport\u00e9 un duel difficile avec Pedro Acosta pour la troisi\u00e8me position.<\/p>\n<p>Pour le classement du championnat, cela signifie que Marc M\u00e1rquez, avec 487 points, ne sera pas sacr\u00e9 champion de MotoGP le week-end prochain. \u00c1lex est le plus proche de Marc, avec 182 points de retard, et avant le GP de Catalogne, Marc a d\u00e9clar\u00e9 qu&rsquo;il esp\u00e9rait ne pas \u00eatre couronn\u00e9 la semaine prochaine (Saint-Marin) parce que cela signifiait qu&rsquo;\u00c1lex avait fait une mauvaise course lors de son Grand Prix national.<\/p>\n<p>D&rsquo;une certaine mani\u00e8re, les deux l&rsquo;ont eu \u00e0 leur mani\u00e8re. La saison MotoGP se poursuit le 14 septembre avec le GP de Saint-Marin, puis au Japon le 28 septembre, o\u00f9 Marc M\u00e1rquez remportera probablement son neuvi\u00e8me titre mondial au classement g\u00e9n\u00e9ral.<\/p>\n<p><img loading=\"lazy\" decoding=\"async\" id=\"img-1917523-4658063\" data-fullsize=\"\/media\/80\/_4658063b.jpg\" data-lazy=\"\" src=\"https:\/\/www.gamereactor.frhttps:\/\/www.gamereactor.fr\/media\/80\/_4658063_650x.jpg\" width=\"650\" onclick=\"if (!window.__cfRLUnblockHandlers) return false; gallery_openmodal('1917523','4658063',false,'0ed470e46c5f07a9b6aa818de949c108');\" height=\"433\" alt=\"\u00c1lex M\u00e1rquez remporte le duel fraternel et retarde le titre de Marc M\u00e1rquez en MotoGP\" class=\"rwd_col_content lazy\" data-cf-modified-2a0497d2e9b7da4ec6ef0a13-=\"\"\/>Orange Pictures \/ Shutterstock<\/p>\n","protected":false},"excerpt":{"rendered":"Marc M\u00e1rquez (Ducati) et \u00c1lex M\u00e1rquez (Gresini) ont ravi les fans du GP de Catalogne avec une double&hellip;\n","protected":false},"author":2,"featured_media":373685,"comment_status":"","ping_status":"","sticky":false,"template":"","format":"standard","meta":{"footnotes":""},"categories":[1413],"tags":[1011,27,1457,1456,60],"class_list":{"0":"post-373684","1":"post","2":"type-post","3":"status-publish","4":"format-standard","5":"has-post-thumbnail","7":"category-moto","8":"tag-fr","9":"tag-france","10":"tag-moto","11":"tag-motocycle","12":"tag-sports"},"share_on_mastodon":{"url":"https:\/\/pubeurope.com\/@fr\/115164780221177432","error":""},"_links":{"self":[{"href":"https:\/\/www.europesays.com\/fr\/wp-json\/wp\/v2\/posts\/373684","targetHints":{"allow":["GET"]}}],"collection":[{"href":"https:\/\/www.europesays.com\/fr\/wp-json\/wp\/v2\/posts"}],"about":[{"href":"https:\/\/www.europesays.com\/fr\/wp-json\/wp\/v2\/types\/post"}],"author":[{"embeddable":true,"href":"https:\/\/www.europesays.com\/fr\/wp-json\/wp\/v2\/users\/2"}],"replies":[{"embeddable":true,"href":"https:\/\/www.europesays.com\/fr\/wp-json\/wp\/v2\/comments?post=373684"}],"version-history":[{"count":0,"href":"https:\/\/www.europesays.com\/fr\/wp-json\/wp\/v2\/posts\/373684\/revisions"}],"wp:featuredmedia":[{"embeddable":true,"href":"https:\/\/www.europesays.com\/fr\/wp-json\/wp\/v2\/media\/373685"}],"wp:attachment":[{"href":"https:\/\/www.europesays.com\/fr\/wp-json\/wp\/v2\/media?parent=373684"}],"wp:term":[{"taxonomy":"category","embeddable":true,"href":"https:\/\/www.europesays.com\/fr\/wp-json\/wp\/v2\/categories?post=373684"},{"taxonomy":"post_tag","embeddable":true,"href":"https:\/\/www.europesays.com\/fr\/wp-json\/wp\/v2\/tags?post=373684"}],"curies":[{"name":"wp","href":"https:\/\/api.w.org\/{rel}","templated":true}]}}