{"id":373690,"date":"2025-09-07T19:59:12","date_gmt":"2025-09-07T19:59:12","guid":{"rendered":"https:\/\/www.europesays.com\/fr\/373690\/"},"modified":"2025-09-07T19:59:12","modified_gmt":"2025-09-07T19:59:12","slug":"ol-rachid-ghezzal-recupere-un-numero-mythique","status":"publish","type":"post","link":"https:\/\/www.europesays.com\/fr\/373690\/","title":{"rendered":"OL, Rachid Ghezzal r\u00e9cup\u00e8re un num\u00e9ro mythique"},"content":{"rendered":"<p data-testid=\"article-teaser\">De retour \u00e0 l\u2019OL cet \u00e9t\u00e9, Rachid Ghezzal va porter un num\u00e9ro symbolique pour les Gones. <\/p>\n<p>Le destin r\u00e9serve parfois des surprises. Apr\u00e8s plusieurs mois sans club, Rachid Ghezzal a d\u00e9cid\u00e9 de revenir l\u00e0 o\u00f9 tout a commenc\u00e9 : l\u2019Olympique Lyonnais. <a href=\"https:\/\/www.goal.com\/fr\/listes\/mercato-l-ol-rapatrie-un-ancien-cadre-de-son-effectif\/blta11e2b415ecac39c\" target=\"_self\" rel=\"noopener\">Form\u00e9 \u00e0 l\u2019OL et parti en 2017, l\u2019international alg\u00e9rien (22 s\u00e9lections) a sign\u00e9 cet \u00e9t\u00e9 un contrat d\u2019un an, assorti d\u2019une option pour une saison suppl\u00e9mentaire.<\/a> Et apr\u00e8s son retour inattendu dans le Rh\u00f4ne, Rachid Ghezzal va porter l\u2019un des num\u00e9ros mythiques de Lyon.<\/p>\n<p>Rachid Ghezzal va porter le num\u00e9ro 18 \u00e0 l\u2019OL \u00a0\u00a0\u00a0<\/p>\n<p>Lors de son premier passage, Rachid Ghezzal portait les num\u00e9ros 31 puis 11. D\u00e9sormais, il arborera le num\u00e9ro 18, <a href=\"https:\/\/www.goal.com\/fr\/listes\/officiel-rayan-cherki-rejoint-manchester-city\/bltb08c08048b31840a\" target=\"_self\" rel=\"noopener\">laiss\u00e9 vacant apr\u00e8s le d\u00e9part de Rayan Cherki pour Manchester City<\/a>. Ce choix, officialis\u00e9 par le joueur lors d\u2019un live avec Zack Nani, n\u2019est pas anodin. Le 18 est un num\u00e9ro mythique \u00e0 Lyon, souvent associ\u00e9 aux talents locaux d\u2019origine alg\u00e9rienne, <a href=\"https:\/\/www.goal.com\/fr\/news\/mercato---ol--nabil-fekir-transfere-au-betis-pour-1975-m\/gqkkhkdthqiz10po7i5gogcfs\" target=\"_self\" rel=\"nofollow noopener\">\u00e0 l\u2019instar de Nabil Fekir qui l\u2019avait laiss\u00e9 \u00e0 Cherki apr\u00e8s son d\u00e9part en 2019.\u00a0<\/a><\/p>\n<p>Un signe fort pour Ghezzal, qui entend marquer cette nouvelle \u00e9tape de son parcours par un symbole fort, entre h\u00e9ritage et renaissance. L\u2019OL esp\u00e8re que ce retour s\u2019accompagnera d\u2019une influence positive, sur le terrain comme dans le vestiaire.<\/p>\n","protected":false},"excerpt":{"rendered":"De retour \u00e0 l\u2019OL cet \u00e9t\u00e9, Rachid Ghezzal va porter un num\u00e9ro symbolique pour les Gones. Le destin&hellip;\n","protected":false},"author":2,"featured_media":373691,"comment_status":"","ping_status":"","sticky":false,"template":"","format":"standard","meta":{"footnotes":""},"categories":[1410],"tags":[63,1011,27,66,2428,50466,584,50764,60],"class_list":{"0":"post-373690","1":"post","2":"type-post","3":"status-publish","4":"format-standard","5":"has-post-thumbnail","7":"category-football","8":"tag-football","9":"tag-fr","10":"tag-france","11":"tag-ligue-1","12":"tag-lyon","13":"tag-r-ghezzal","14":"tag-rennes","15":"tag-rennes-vs-lyon","16":"tag-sports"},"share_on_mastodon":{"url":"https:\/\/pubeurope.com\/@fr\/115164791752315457","error":""},"_links":{"self":[{"href":"https:\/\/www.europesays.com\/fr\/wp-json\/wp\/v2\/posts\/373690","targetHints":{"allow":["GET"]}}],"collection":[{"href":"https:\/\/www.europesays.com\/fr\/wp-json\/wp\/v2\/posts"}],"about":[{"href":"https:\/\/www.europesays.com\/fr\/wp-json\/wp\/v2\/types\/post"}],"author":[{"embeddable":true,"href":"https:\/\/www.europesays.com\/fr\/wp-json\/wp\/v2\/users\/2"}],"replies":[{"embeddable":true,"href":"https:\/\/www.europesays.com\/fr\/wp-json\/wp\/v2\/comments?post=373690"}],"version-history":[{"count":0,"href":"https:\/\/www.europesays.com\/fr\/wp-json\/wp\/v2\/posts\/373690\/revisions"}],"wp:featuredmedia":[{"embeddable":true,"href":"https:\/\/www.europesays.com\/fr\/wp-json\/wp\/v2\/media\/373691"}],"wp:attachment":[{"href":"https:\/\/www.europesays.com\/fr\/wp-json\/wp\/v2\/media?parent=373690"}],"wp:term":[{"taxonomy":"category","embeddable":true,"href":"https:\/\/www.europesays.com\/fr\/wp-json\/wp\/v2\/categories?post=373690"},{"taxonomy":"post_tag","embeddable":true,"href":"https:\/\/www.europesays.com\/fr\/wp-json\/wp\/v2\/tags?post=373690"}],"curies":[{"name":"wp","href":"https:\/\/api.w.org\/{rel}","templated":true}]}}