{"id":373694,"date":"2025-09-07T20:02:13","date_gmt":"2025-09-07T20:02:13","guid":{"rendered":"https:\/\/www.europesays.com\/fr\/373694\/"},"modified":"2025-09-07T20:02:13","modified_gmt":"2025-09-07T20:02:13","slug":"rentree-litteraire-2025-dans-la-chambre-foret-chiara-mezza-lama","status":"publish","type":"post","link":"https:\/\/www.europesays.com\/fr\/373694\/","title":{"rendered":"Rentr\u00e9e litt\u00e9raire 2025- Dans la chambre for\u00eat, Chiara Mezza Lama"},"content":{"rendered":"<p><strong>L&rsquo;\u00c9trange Festival d\u00e9voile<\/strong><\/p>\n<p><img decoding=\"async\" alt=\"\" data-amp-height=\"1600\" data-amp-width=\"1200\" data-data-cke-saved-src=\"https:\/\/www.europesays.com\/fr\/wp-content\/uploads\/2025\/09\/image\/1371318\/20250818\/ob_cd990f_etrange-festival-2025-affiche-def30x40.jpg\" src=\"https:\/\/www.europesays.com\/fr\/wp-content\/uploads\/2025\/09\/image\/1371318\/20250818\/ob_cd990f_etrange-festival-2025-affiche-def30x40.jpg\"\/><\/p>\n<p style=\"margin: 0px; color: rgb(59, 63, 68); font-family: arial, helvetica, sans-serif; font-size: 16px; font-style: normal; font-variant-ligatures: normal; font-variant-caps: normal; font-weight: 400; letter-spacing: normal; orphans: 2; text-align: center; text-indent: 0px; text-transform: none; widows: 2; word-spacing: 0px; -webkit-text-stroke-width: 0px; white-space: normal; background-color: rgb(255, 255, 255); text-decoration-thickness: initial; text-decoration-style: initial; text-decoration-color: initial;\"><strong>sa programmation 2025<\/strong><\/p>\n<p style=\"margin: 0px; color: rgb(59, 63, 68); font-family: arial, helvetica, sans-serif; font-size: 16px; font-style: normal; font-variant-ligatures: normal; font-variant-caps: normal; font-weight: 400; letter-spacing: normal; orphans: 2; text-align: center; text-indent: 0px; text-transform: none; widows: 2; word-spacing: 0px; -webkit-text-stroke-width: 0px; white-space: normal; background-color: rgb(255, 255, 255); text-decoration-thickness: initial; text-decoration-style: initial; text-decoration-color: initial;\">\u00a0<\/p>\n<p>\u00ad<br \/>31e \u00e9dition de L&rsquo;\u00c9TRANGE FESTIVAL du 2 au 13 septembre au Forum des Images (Paris).<\/p>\n<p>\u00a0<\/p>\n<p>12 longs m\u00e9trages seront en comp\u00e9tition internationale pour le Grand Prix Nouveau Genre et le Prix du Public, en pr\u00e9sence de nombreux-ses cin\u00e9astes (Gabriele Mainetti, Adilkhan Yerzhanov, Andreas Prochaska, Viktor Tau\u0161, Aleksandar Radivojevi\u0107, Annapurna Sriram), et 46 courts m\u00e9trages, pour les m\u00eames distinctions.<br \/>Le festival d\u00e9marrera fort, accueillant d\u00e8s le 3 septembre l&rsquo;actrice anglaise culte Barbara Steele.<br \/>Le r\u00e9alisateur am\u00e9ricain Stephen Sayadian (aka Rinse Dream) et le r\u00e9alisateur kazakh Adilkhan Yerzhanov, d\u00e9j\u00e0 cit\u00e9, pr\u00e9senteront chacun une carte blanche, tout comme La Spirale, \u00ab\u00a0manuel de survie pour le 21e si\u00e8cle\u00a0\u00bb, qui f\u00eate son 30e anniversaire.<br \/>On notera \u00e9galement la pr\u00e9sence de Kirill Serebrennikov, August Diehl, Beno\u00eet Del\u00e9pine, Ben Wheatley, Julia Kowalski, Abel Ferry et Alberto Sciamma (MondoVision), Lucile Had\u017eihalilovi\u0107, Antonin Peretjatko et Gr\u00e9gory Morin (S\u00e9ances sp\u00e9ciales), ou encore de Julie Pacino et Tony Paraskeva (Nouveaux Talents), ainsi que de Fabrice Ebou\u00e9, qui pr\u00e9sentera, en cl\u00f4ture et en premi\u00e8re mondiale, son film G\u00e9rald, le conqu\u00e9rant.<br \/>Un hommage en 5 films sera rendu au peintre, \u00e9crivain et r\u00e9alisateur irr\u00e9ductible Robert Lapoujade, un autre \u00e0 l&rsquo;animateur exp\u00e9rimental britannique Phil Mulloy, r\u00e9cemment disparu.<br \/>Signalons aussi le cycle int\u00e9gral Lady Yakuza, soit les 8 films qui r\u00e9v\u00e9l\u00e8rent l&rsquo;actrice japonaise Sumiko Fuji.<br \/>Sans oublier les D\u00e9couvertes Canal+, les tr\u00e9sors de l&rsquo;INA, ceux de Serge Bromberg ou Christophe Bier et deux cr\u00e9ations musicales.<\/p>\n<p><a href=\"https:\/\/www.etrangefestival.com\/\" rel=\"nofollow noopener\" target=\"_blank\">L&rsquo;\u00c9trange Festival &#8211; XXXI\u00e8me \u00e9dition &#8211; 2 au 13 Septembre 2025<\/a><\/p>\n<p>\u00a0<\/p>\n<p style=\"margin: 0px; color: rgb(59, 63, 68); font-family: arial, helvetica, sans-serif; font-size: 16px; font-style: normal; font-variant-ligatures: normal; font-variant-caps: normal; font-weight: 400; letter-spacing: normal; orphans: 2; text-align: center; text-indent: 0px; text-transform: none; widows: 2; word-spacing: 0px; -webkit-text-stroke-width: 0px; white-space: normal; background-color: rgb(255, 255, 255); text-decoration-thickness: initial; text-decoration-style: initial; text-decoration-color: initial;\">\u00a0<\/p>\n","protected":false},"excerpt":{"rendered":"L&rsquo;\u00c9trange Festival d\u00e9voile sa programmation 2025 \u00a0 \u00ad31e \u00e9dition de L&rsquo;\u00c9TRANGE FESTIVAL du 2 au 13 septembre au&hellip;\n","protected":false},"author":2,"featured_media":373695,"comment_status":"","ping_status":"","sticky":false,"template":"","format":"standard","meta":{"footnotes":""},"categories":[1357],"tags":[1379,58,59,1011,27,1380],"class_list":{"0":"post-373694","1":"post","2":"type-post","3":"status-publish","4":"format-standard","5":"has-post-thumbnail","7":"category-livres","8":"tag-books","9":"tag-divertissement","10":"tag-entertainment","11":"tag-fr","12":"tag-france","13":"tag-livres"},"share_on_mastodon":{"url":"https:\/\/pubeurope.com\/@fr\/115164803738445593","error":""},"_links":{"self":[{"href":"https:\/\/www.europesays.com\/fr\/wp-json\/wp\/v2\/posts\/373694","targetHints":{"allow":["GET"]}}],"collection":[{"href":"https:\/\/www.europesays.com\/fr\/wp-json\/wp\/v2\/posts"}],"about":[{"href":"https:\/\/www.europesays.com\/fr\/wp-json\/wp\/v2\/types\/post"}],"author":[{"embeddable":true,"href":"https:\/\/www.europesays.com\/fr\/wp-json\/wp\/v2\/users\/2"}],"replies":[{"embeddable":true,"href":"https:\/\/www.europesays.com\/fr\/wp-json\/wp\/v2\/comments?post=373694"}],"version-history":[{"count":0,"href":"https:\/\/www.europesays.com\/fr\/wp-json\/wp\/v2\/posts\/373694\/revisions"}],"wp:featuredmedia":[{"embeddable":true,"href":"https:\/\/www.europesays.com\/fr\/wp-json\/wp\/v2\/media\/373695"}],"wp:attachment":[{"href":"https:\/\/www.europesays.com\/fr\/wp-json\/wp\/v2\/media?parent=373694"}],"wp:term":[{"taxonomy":"category","embeddable":true,"href":"https:\/\/www.europesays.com\/fr\/wp-json\/wp\/v2\/categories?post=373694"},{"taxonomy":"post_tag","embeddable":true,"href":"https:\/\/www.europesays.com\/fr\/wp-json\/wp\/v2\/tags?post=373694"}],"curies":[{"name":"wp","href":"https:\/\/api.w.org\/{rel}","templated":true}]}}