{"id":373696,"date":"2025-09-07T20:03:13","date_gmt":"2025-09-07T20:03:13","guid":{"rendered":"https:\/\/www.europesays.com\/fr\/373696\/"},"modified":"2025-09-07T20:03:13","modified_gmt":"2025-09-07T20:03:13","slug":"florence-longpre-creatrice-dempathie-et-virtuose-des-recits-extraordinaires-de-vies-ordinaires","status":"publish","type":"post","link":"https:\/\/www.europesays.com\/fr\/373696\/","title":{"rendered":"Florence Longpr\u00e9, cr\u00e9atrice d\u2019\u201cEmpathie\u201d et virtuose des \u201cr\u00e9cits extraordinaires de vies ordinaires\u201d"},"content":{"rendered":"<p>      La sc\u00e9nariste et actrice Florence Longpr\u00e9 touche au c\u0153ur avec des fictions sensibles teint\u00e9e d\u2019onirisme. Elle le confirme dans sa nouvelle s\u00e9rie avec son personnage de psychiatre caboss\u00e9e \u00e0 d\u00e9couvrir sur Canal+.              <a href=\"https:\/\/www.europesays.com\/fr\/wp-content\/uploads\/2025\/09\/553f6b7_upload-1-lyttfvfooidh-empathie20180102-0002-2.jpg\" data-pswp-width=\"\" data-pswp-height=\"\" class=\"media__hd\" target=\"_blank\">      <img decoding=\"async\" fetchpriority=\"high\" src=\"https:\/\/www.europesays.com\/fr\/wp-content\/uploads\/2025\/09\/553f6b7_upload-1-lyttfvfooidh-empathie20180102-0002-2.jpg\" class=\"media__picture js-media-zoom-main \" alt=\"Un Prix du public \u00e0 S\u00e9ries Mania\u2009 pour \u00ab\u00a0Empathie\u00a0\u00bb\u00a0: quel meilleur accueil en France pour la Qu\u00e9b\u00e9coise Florence Longpr\u00e9\u00a0?\" title=\"photo Laurence Grandbois Bernard\/Canal +\"\/>      <\/p>\n<p class=\"media__legend\"> Un Prix du public \u00e0 S\u00e9ries Mania\u2009 pour \u00ab\u00a0Empathie\u00a0\u00bb\u00a0: quel meilleur accueil en France pour la Qu\u00e9b\u00e9coise Florence Longpr\u00e9\u00a0?  photo Laurence Grandbois Bernard\/Canal +  <\/p>\n<p>     <\/a>                    <\/p>\n<p class=\"author author--simple\">Par  <a class=\"author author--link\" href=\"https:\/\/www.telerama.fr\/recherche\/articles?q=Pierre+Langlais\" rel=\"nofollow noopener\" target=\"_blank\"> Pierre Langlais <\/a>    <\/p>\n<p class=\"publication__date\">Publi\u00e9 le 07 septembre 2025 \u00e0 13h00<\/p>\n<p>   Partager   <\/p>\n<ul class=\"sharing-popin--results\">\n<li class=\"sharing-popin--item sharing-popin--item-container\"> Partage  <\/li>\n<li data-share=\"linkedin\" class=\"sharing-popin--item\">  LinkedIn <\/li>\n<li data-share=\"facebook\" class=\"sharing-popin--item\">  Facebook <\/li>\n<li data-share=\"mail\" data-social=\"mail\" class=\"sharing-popin--item\">  Envoyer par email <\/li>\n<li data-share=\"copy\" class=\"sharing-popin--item\">  Copier le lien <\/li>\n<\/ul>\n<p>        Favoris       <\/p>\n<p>                <a class=\"openapp__link\" data-event=\"click-open-app\" data-deep-link=\"tlrm:\/\/element?id=\/series-tv\/florence-longpre-creatrice-et-actrice-d-empathie-une-alliance-de-sensibilite-de-regard-social-et-d-onirisme-7027256.php&amp;source=deeplink_site\">  Lire dans l&rsquo;application<br \/>\n  <\/a>                               <\/p>\n<p class=\"paragraph\">Certaines s\u00e9ries portent bien leur nom. Lors du festival <a target=\"_blank\" href=\"https:\/\/www.telerama.fr\/series-tv\/nos-dix-series-coups-de-c-ur-au-festival-series-mania-2025-7024976.php\" rel=\"nofollow noopener\">S\u00e9ries Mania<\/a>, en mars dernier \u00e0 Lille, la Qu\u00e9b\u00e9coise Empathie a \u00e9t\u00e9 accueillie par une salle boulevers\u00e9e, debout pendant treize\u00a0minutes. Une r\u00e9ception hors norme, doubl\u00e9e d\u2019un Prix du public, pour ce drame sur une psychiatre endeuill\u00e9e, engag\u00e9e apr\u00e8s une longue d\u00e9pression par un h\u00f4pital psychiatrique de haute s\u00e9curit\u00e9. \u00ab\u00a0C\u2019est incroyable de se dire qu\u2019on peut se faire autant de bien en partageant nos \u00e9motions\u00a0\u00bb, sourit sa cr\u00e9atrice et interpr\u00e8te principale, Florence Longpr\u00e9. Cette Montr\u00e9alaise de 41\u00a0ans s\u2019est impos\u00e9e gr\u00e2ce \u00e0 des r\u00e9cits sensibles, qu\u2019elle porte avec une d\u00e9licatesse \u00e0 fleur de peau, comme la s\u00e9rie<a target=\"_blank\" href=\"https:\/\/television.telerama.fr\/tele\/serie\/audrey-est-revenue-1-255325125-saison1.php#:~:text=Audrey%2C%2035%20ans%2C%20est%20revenue,sur%20un%20environnement%20devenu%20%C3%A9tranger.\" rel=\"nofollow noopener\"> Audrey est revenue<\/a>, o\u00f9 elle joue une jeune femme sortie d\u2019un long coma, r\u00e9compens\u00e9 \u00e0 Canneseries en\u00a02022.<\/p>\n<p class=\"paragraph\">\u00ab\u00a0J\u2019aime<strong> <\/strong>placer mes personnages\u00a0dans un grand moment de d\u00e9s\u00e9quilibre\u00a0\u00bb, confie-t-elle. Ses h\u00e9ros \u00e9voluent aussi l\u00e9g\u00e8rement \u00e0 la marge de la soci\u00e9t\u00e9 qu\u00e9b\u00e9coise, qu\u2019il s\u2019agisse des copines des quartiers d\u00e9favoris\u00e9s de M\u2019entends-tu\u00a0?, sa premi\u00e8re s\u00e9rie en\u00a02018 (disponible sur Netflix), o\u00f9 des travailleurs saisonniers du Temps des framboises (2022). \u00ab\u00a0C\u2019est une travailleuse sociale dans l\u2019\u00e2me, politis\u00e9e \u00e0 sa fa\u00e7on, qui souligne la cruaut\u00e9 de certaines situations\u00a0\u00bb, s\u2019enthousiasme Guillaume Lambert, co-cr\u00e9ateur de Audrey est revenue. \u00ab\u00a0Je veux juste raconter les histoires extraordinaires de gens ordinaires\u00a0\u00bb, pr\u00e9cise Florence Longpr\u00e9, en revendiquant une position d\u2019observatrice.<\/p>\n<p>                \u201cPassionn\u00e9e de la condition humaine\u201d                       <\/p>\n<p class=\"paragraph\">Pour pr\u00e9parer Empathie, elle a ainsi pass\u00e9 trois ans \u00e0 \u00e9changer avec des psychiatres, des psychologues et des patients, au fil de ce qu\u2019elle appelle \u00ab\u00a0une \u00e9tude clinique\u00a0\u00bb. Elle s\u2019est aussi nourrie de sa propre exp\u00e9rience d\u2019aide-soignante (elle a travaill\u00e9 quatre ans en h\u00f4pital avant que sa carri\u00e8re artistique d\u00e9colle) et du souvenir d\u2019une d\u00e9pression travers\u00e9e dans sa jeunesse \u2014 \u00ab\u00a0C\u2019\u00e9tait l\u2019enfer, j\u2019avais l\u2019impression que je n\u2019en sortirai jamais\u00a0; la s\u00e9rie met justement en sc\u00e8ne quelqu\u2019un qui s\u2019en remet lentement.\u00a0\u00bb Elle se revendique pourtant moins d\u2019un cin\u00e9ma social \u00e0 la <a target=\"_blank\" href=\"https:\/\/www.telerama.fr\/cinema\/les-dix-meilleurs-films-de-ken-loach-selon-telerama-4741-7015753.php\" rel=\"nofollow noopener\">Ken Loach<\/a> que des films de <a target=\"_blank\" href=\"https:\/\/www.telerama.fr\/festival-de-cannes\/2019\/terrence-malick-a-cannes,-le-retour-tres-attendu-de-lhomme-invisible,n6251840.php\" rel=\"nofollow noopener\">Terrence Malick<\/a>, \u00ab\u00a0un cin\u00e9aste passionn\u00e9, comme [elle], par la condition humaine\u00a0\u00bb.<\/p>\n<p class=\"paragraph\">Ce go\u00fbt du romanesque s\u2019exprime notamment dans les s\u00e9quences oniriques qui ponctuent ses<strong> <\/strong>r\u00e9cits. \u00ab\u00a0Elle raconte le c\u00f4t\u00e9 magnifique de la vie de ses personnages, en s\u2019ancrant dans leur quotidien, puis en p\u00e9n\u00e9trant leurs esprits et leurs r\u00eaves\u00a0\u00bb, analyse Guillaume Lonergan, r\u00e9alisateur de la plupart de ses cr\u00e9ations. Dans Audrey est revenue, un immense corbeau en pardessus appara\u00eet \u00e0 son h\u00e9ro\u00efne, symbole de son traumatisme. Dans Empathie, c\u2019est une troupe de danseurs en tutu qui surgit par instants pour exprimer le difficile \u00e9quilibre existentiel des personnages.<\/p>\n<p class=\"edito__prefixe\">   \u00c0 lire aussi :   <\/p>\n<p class=\"edito__text-container\">   <a alt=\"Lire aussi\" href=\"https:\/\/www.telerama.fr\/series-tv\/entre-les-series-quebecoises-et-la-tele-francaise-ca-patine-7025022.php\" class=\"article__title--edito\" rel=\"nofollow noopener\" target=\"_blank\">Entre les s\u00e9ries qu\u00e9b\u00e9coises et la t\u00e9l\u00e9 fran\u00e7aise, \u00e7a patine<\/a>  <\/p>\n<p class=\"paragraph\">Florence Longpr\u00e9 s\u2019est fait conna\u00eetre du grand public qu\u00e9b\u00e9cois en\u00a02015 dans un troisi\u00e8me registre, la com\u00e9die, en incarnant une influenceuse maquillage idiote et incomp\u00e9tente dans le programme \u00e0 sketchs Like-moi\u00a0! Ses s\u00e9ries, malgr\u00e9 leurs sujets souvent tragiques, se teintent toujours d\u2019un humour pince-sans-rire mais bienveillant, qui sauve ses personnages de l\u2019ab\u00eeme qui menace. \u00ab\u00a0Je d\u00e9teste le cynisme, mais j\u2019aime le sarcasme, explique-t-elle. C\u2019est autant un moyen de rire de soi que de protester contre les injustices.\u00a0\u00bb En m\u00ealant ainsi les genres, Florence Longpr\u00e9 pourrait bien, comme ses compatriotes <a target=\"_blank\" href=\"https:\/\/www.telerama.fr\/cinema\/monia-chokri-la-realisatrice-quebecoise-qui-se-fiche-des-conventions-7018021.php\" rel=\"nofollow noopener\">Monia Chokri<\/a> et <a target=\"_blank\" href=\"https:\/\/www.telerama.fr\/cinema\/soiree-speciale-masterclass-livre-et-files-d-attente-xavier-dolan-fait-des-etincelles-au-festival-lumiere-7022577.php\" rel=\"nofollow noopener\">Xavier Dolan<\/a>, s\u00e9duire au-del\u00e0 des fronti\u00e8res qu\u00e9b\u00e9coises.<\/p>\n<p class=\"edito__prefixe\">   D\u00e9couvrir la note et la critique   <\/p>\n<p class=\"edito__text-container\">       <a alt=\"Lire aussi\" href=\"https:\/\/www.telerama.fr\/series-tv\/empathie-saison-1-les-recits-extraordinaires-de-vies-ordinaires-3654_cri-7040400.php\" class=\"article__title--edito\" rel=\"nofollow noopener\" target=\"_blank\">\u201cEmpathie\u201d, saison 1\u00a0: les r\u00e9cits extraordinaires de vies ordinaires<\/a>  <\/p>\n<p>Empathie, lundi \u00e0 21h\u00a0sur Canal+.<\/p>\n","protected":false},"excerpt":{"rendered":"La sc\u00e9nariste et actrice Florence Longpr\u00e9 touche au c\u0153ur avec des fictions sensibles teint\u00e9e d\u2019onirisme. Elle le confirme&hellip;\n","protected":false},"author":2,"featured_media":373697,"comment_status":"","ping_status":"","sticky":false,"template":"","format":"standard","meta":{"footnotes":""},"categories":[1356],"tags":[58,59,1011,27,252,1364],"class_list":{"0":"post-373696","1":"post","2":"type-post","3":"status-publish","4":"format-standard","5":"has-post-thumbnail","7":"category-television","8":"tag-divertissement","9":"tag-entertainment","10":"tag-fr","11":"tag-france","12":"tag-television","13":"tag-tv"},"share_on_mastodon":{"url":"https:\/\/pubeurope.com\/@fr\/115164807563978799","error":""},"_links":{"self":[{"href":"https:\/\/www.europesays.com\/fr\/wp-json\/wp\/v2\/posts\/373696","targetHints":{"allow":["GET"]}}],"collection":[{"href":"https:\/\/www.europesays.com\/fr\/wp-json\/wp\/v2\/posts"}],"about":[{"href":"https:\/\/www.europesays.com\/fr\/wp-json\/wp\/v2\/types\/post"}],"author":[{"embeddable":true,"href":"https:\/\/www.europesays.com\/fr\/wp-json\/wp\/v2\/users\/2"}],"replies":[{"embeddable":true,"href":"https:\/\/www.europesays.com\/fr\/wp-json\/wp\/v2\/comments?post=373696"}],"version-history":[{"count":0,"href":"https:\/\/www.europesays.com\/fr\/wp-json\/wp\/v2\/posts\/373696\/revisions"}],"wp:featuredmedia":[{"embeddable":true,"href":"https:\/\/www.europesays.com\/fr\/wp-json\/wp\/v2\/media\/373697"}],"wp:attachment":[{"href":"https:\/\/www.europesays.com\/fr\/wp-json\/wp\/v2\/media?parent=373696"}],"wp:term":[{"taxonomy":"category","embeddable":true,"href":"https:\/\/www.europesays.com\/fr\/wp-json\/wp\/v2\/categories?post=373696"},{"taxonomy":"post_tag","embeddable":true,"href":"https:\/\/www.europesays.com\/fr\/wp-json\/wp\/v2\/tags?post=373696"}],"curies":[{"name":"wp","href":"https:\/\/api.w.org\/{rel}","templated":true}]}}