{"id":373698,"date":"2025-09-07T20:04:11","date_gmt":"2025-09-07T20:04:11","guid":{"rendered":"https:\/\/www.europesays.com\/fr\/373698\/"},"modified":"2025-09-07T20:04:11","modified_gmt":"2025-09-07T20:04:11","slug":"bigflo-et-oli-a-coeur-ouvert-avant-leur-nouvel-album","status":"publish","type":"post","link":"https:\/\/www.europesays.com\/fr\/373698\/","title":{"rendered":"Bigflo et Oli \u00e0 coeur ouvert avant leur nouvel album"},"content":{"rendered":"<p><img decoding=\"async\" src=\"https:\/\/www.europesays.com\/fr\/wp-content\/uploads\/2025\/09\/photo_1756806669.jpg\" class=\"textcenter img-content\" loading=\"lazy\"\/>Bestimage<br \/>\n<br \/>\nLe Rose Festival, cr\u00e9\u00e9 par Bigflo et Oli en 2021, a fait le plein de spectateurs du 29 au 31 ao\u00fbt \u00e0 Toulouse pour sa quatri\u00e8me \u00e9dition. Avec Pierre Garnier, Ninho, Helena, Vald, Theodora, Kavinski ou Magic System \u00e0 l&rsquo;affiche, l&rsquo;\u00e9v\u00e9nement a enregistr\u00e9 une affluence de 115.000 festivaliers, son record. \u00ab C&rsquo;\u00e9tait un r\u00eave de gosses. Cela vient d&rsquo;un manque. Il y a plein de super \u00e9v\u00e9nements \u00e0 Toulouse mais pour les jeunes, il n&rsquo;y avait pas de festival de musiques actuelles. C&rsquo;\u00e9tait aussi une mani\u00e8re de prolonger notre d\u00e9claration d&rsquo;amour \u00e0 la ville \u00bb se f\u00e9licite le duo dans les pages du <a href=\"https:\/\/www.leparisien.fr\/culture-loisirs\/musique\/cest-un-reve-de-gosse-le-4e-rose-festival-cree-par-bigflo-oli-attend-plus-de-100-000-spectateurs-29-08-2025-JSPW7NWB5NGAFPQEP3X6Y2ZHDQ.php\" target=\"_blank\" class=\"spip_out\" rel=\"nofollow noopener\">Parisien<\/a>, qui affiche clairement ses ambitions. \u00ab On r\u00eave de faire venir Indochine l&rsquo;ann\u00e9e prochaine, pour r\u00e9unir plusieurs g\u00e9n\u00e9rations. J&rsquo;ai crois\u00e9 Nicola Sirkis et il connaissait le Rose. Des superstars comme Travis Scott, Rosalia ou mon idole Eminem, c&rsquo;est un r\u00eave aussi. Et pourquoi pas l&rsquo;ouvrir \u00e0 l&rsquo;humour, l&rsquo;allonger sur une semaine \u00bb envisagent les deux fr\u00e8res.<\/p>\n<p>Le player Dailymotion est en train de se charger&#8230;<\/p>\n<p>Pour Bigflo et Oli, le succ\u00e8s croissant du festival vient conforter une popularit\u00e9 durement acquise depuis leurs d\u00e9buts en 2014 avec l&rsquo;EP \u00ab\u00a0Le trac\u00a0\u00bb. \u00ab J&rsquo;ai l&rsquo;impression qu&rsquo;on a l&rsquo;\u00e2ge o\u00f9 on r\u00e9colte les fruits qu&rsquo;on a sem\u00e9s et qu&rsquo;on a une vraie reconnaissance du milieu, des autres artistes. On n&rsquo;a plus le c\u00f4t\u00e9 outsiders. Si on a ajout\u00e9 le festival, notre marque de v\u00eatements, on a une position agr\u00e9able de grands fr\u00e8res \u00bb analyse Bigflo. \u00ab Et c&rsquo;est inspirant pour la suite \u00bb compl\u00e8te Oli. <\/p>\n<p>\u00ab\u00a0On est en train de trouver notre \u00e9quilibre personnel\u00a0\u00bb<br \/>\nLa suite justement, ce sera le studio ! \u00c0 nos confr\u00e8res, les rappeurs confirment plancher sur leur cinqui\u00e8me album studio, trois ans apr\u00e8s <a href=\"https:\/\/www.chartsinfrance.net\/Bigflo---Oli\/news-128316.html\" target=\"_blank\" class=\"spip_out\" rel=\"nofollow noopener\">\u00ab\u00a0Les autres c&rsquo;est nous\u00a0\u00bb<\/a>, certifi\u00e9 double platine. Et celui-ci devrait arriver \u00ab d\u00e9but 2026 \u00bb. \u00ab On a plein de titres d\u00e9j\u00e0 boucl\u00e9s. On va partir le finir en r\u00e9sidence en septembre et octobre dans une maison en Espagne, pas loin de Toulouse. On repartira en tourn\u00e9e dans la foul\u00e9e. Le live, pour nous, c&rsquo;est primordial ! \u00bb assure le tandem. Apr\u00e8s une s\u00e9rie de freestyles, Bigflo et Oli sont revenus d\u00e9but ao\u00fbt avec le single <a href=\"https:\/\/www.chartsinfrance.net\/actualite\/news-133445.html\" target=\"_blank\" class=\"spip_out\" rel=\"nofollow noopener\">\u00ab\u00a0Mourir pour rena\u00eetre\u00a0\u00bb<\/a>, davantage un one shot qu&rsquo;un premier extrait : \u00ab On a fait ce son cet \u00e9t\u00e9, en pleine tourn\u00e9e, on l&rsquo;aimait et on avait enfin de l&rsquo;inclure dans le show \u00bb. Sa tonalit\u00e9 sombre traduit pourtant l&rsquo;\u00e9pisode mouvement\u00e9 que viennent de traverser les deux fr\u00e8res. \u00ab On a pass\u00e9 une p\u00e9riode difficile, c&rsquo;est vrai. On est all\u00e9 voir des psys \u00e0 deux, pour savoir quand s\u00e9parer le pro du perso, on a eu beaucoup de discussions entre nous, pris des conseils avec Ramzy, JoeyStarr, IAM. Mais l\u00e0 \u00e7a va, on est en train de trouver notre \u00e9quilibre personnel. Cela va s&rsquo;entendre sur l&rsquo;album \u00bb indique Oli.<\/p>\n<blockquote class=\"quote\"><p><b>A LIRE &#8211;<\/b> <a href=\"https:\/\/www.chartsinfrance.net\/actualite\/news-132714.html\" target=\"_blank\" class=\"spip_out\" rel=\"nofollow noopener\">\u00ab\u00a0Une nouvelle page s&rsquo;\u00e9crit\u00a0\u00bb : Bigflo et Oli se lancent dans un projet in\u00e9dit<\/a><\/p><\/blockquote>\n<p>\nAinsi, ce cinqui\u00e8me projet sonnera plus apais\u00e9, moins dans la revendication. \u00ab On est plus libres, on se sent moins prisonniers du format et du \u00ab\u00a0il faut que \u00e7a marche\u00a0\u00bb \u00bb r\u00e9v\u00e8le Bigflo, qui a d\u00e9sormais envie de divertir avant tout le public : \u00ab On voulait que \u00e7a marche. Il nous a fallu dix ans, quatre festivals et six tourn\u00e9es, mais on est rassur\u00e9s. On n&rsquo;est plus des outsiders, on a notre place \u00bb. Vivement !<\/p>\n","protected":false},"excerpt":{"rendered":"Bestimage Le Rose Festival, cr\u00e9\u00e9 par Bigflo et Oli en 2021, a fait le plein de spectateurs du&hellip;\n","protected":false},"author":2,"featured_media":373699,"comment_status":"","ping_status":"","sticky":false,"template":"","format":"standard","meta":{"footnotes":""},"categories":[1355],"tags":[58,59,1011,27,1361,873],"class_list":{"0":"post-373698","1":"post","2":"type-post","3":"status-publish","4":"format-standard","5":"has-post-thumbnail","7":"category-musique","8":"tag-divertissement","9":"tag-entertainment","10":"tag-fr","11":"tag-france","12":"tag-music","13":"tag-musique"},"share_on_mastodon":{"url":"https:\/\/pubeurope.com\/@fr\/115164811468711738","error":""},"_links":{"self":[{"href":"https:\/\/www.europesays.com\/fr\/wp-json\/wp\/v2\/posts\/373698","targetHints":{"allow":["GET"]}}],"collection":[{"href":"https:\/\/www.europesays.com\/fr\/wp-json\/wp\/v2\/posts"}],"about":[{"href":"https:\/\/www.europesays.com\/fr\/wp-json\/wp\/v2\/types\/post"}],"author":[{"embeddable":true,"href":"https:\/\/www.europesays.com\/fr\/wp-json\/wp\/v2\/users\/2"}],"replies":[{"embeddable":true,"href":"https:\/\/www.europesays.com\/fr\/wp-json\/wp\/v2\/comments?post=373698"}],"version-history":[{"count":0,"href":"https:\/\/www.europesays.com\/fr\/wp-json\/wp\/v2\/posts\/373698\/revisions"}],"wp:featuredmedia":[{"embeddable":true,"href":"https:\/\/www.europesays.com\/fr\/wp-json\/wp\/v2\/media\/373699"}],"wp:attachment":[{"href":"https:\/\/www.europesays.com\/fr\/wp-json\/wp\/v2\/media?parent=373698"}],"wp:term":[{"taxonomy":"category","embeddable":true,"href":"https:\/\/www.europesays.com\/fr\/wp-json\/wp\/v2\/categories?post=373698"},{"taxonomy":"post_tag","embeddable":true,"href":"https:\/\/www.europesays.com\/fr\/wp-json\/wp\/v2\/tags?post=373698"}],"curies":[{"name":"wp","href":"https:\/\/api.w.org\/{rel}","templated":true}]}}