{"id":373700,"date":"2025-09-07T20:05:10","date_gmt":"2025-09-07T20:05:10","guid":{"rendered":"https:\/\/www.europesays.com\/fr\/373700\/"},"modified":"2025-09-07T20:05:10","modified_gmt":"2025-09-07T20:05:10","slug":"je-verrai-toujours-vos-visages-france-2-jeanne-herry-la-justice-restaurative-cest-la-liberation-des-emotions-par-la-parole","status":"publish","type":"post","link":"https:\/\/www.europesays.com\/fr\/373700\/","title":{"rendered":"Je verrai toujours vos visages (France 2) &#8211; Jeanne Herry : \u00ab\u00a0La justice restaurative, c\u2019est la lib\u00e9ration des \u00e9motions par la parole\u00a0\u00bb"},"content":{"rendered":"<p><strong>France 2 diffuse ce soir le drame Je verrai toujours vos visages. Nomm\u00e9 neuf fois aux C\u00e9sar 2024, ce quasi-huis clos sur la justice,\u00a0qui affiche un casting impressionnant, a touch\u00e9 la critique et le public&#8230;<\/strong><\/p>\n<p>Sur le papier, le sujet de ce film peut\u00a0susciter un peu de frilosit\u00e9 : il est\u00a0ici question de justice restaurative,\u00a0un dispositif introduit en droit fran\u00e7ais\u00a0en 2014. Celui-ci permet de confronter\u00a0des victimes d\u2019agressions, de vols\u00a0et d\u2019infractions \u00e0 des auteurs de faits\u00a0similaires, en entamant un dialogue\u00a0dans des lieux encadr\u00e9s par des\u00a0professionnels et des b\u00e9n\u00e9voles.\u00a0Malgr\u00e9 ce point de d\u00e9part quelque peu\u00a0exigeant, <strong>Je verrai toujours vos visages<\/strong>\u00a0a d\u00e9croch\u00e9 la premi\u00e8re place au\u00a0box-office fran\u00e7ais lors de sa sortie,\u00a0d\u00e9passant m\u00eame le million d\u2019entr\u00e9es\u00a0(1,16 million) en fin d\u2019exploitation, en\u00a02023.<\/p>\n<p><a id=\"eztoc103279833_1\"\/>CES MOTS QUI R\u00c9PARENT<\/p>\n<p><strong>Jeanne Herry<\/strong>, dont c\u2019\u00e9tait le\u00a0troisi\u00e8me long-m\u00e9trage, avait pour\u00a0r\u00e9f\u00e9rences la s\u00e9rie   <a href=\"https:\/\/www.programme-television.org\/news\/series\/series-dramatiques\/en-therapie-arte-une-saison-3-va-t-elle-voir-le-jour-4686848\" target=\"_self\" rel=\"nofollow noopener\">En th\u00e9rapie, du duo\u00a0Nakache-Toledano<\/a>, et le c\u00e9l\u00e8bre film\u00a0  <a href=\"https:\/\/www.programme-television.org\/type\/films\/dramatiques\/douze-hommes-en-colere-19773\" target=\"_blank\" rel=\"noopener nofollow\">12 hommes en col\u00e8re<\/a>, de Sydney\u00a0Lumet. \u00ab <a href=\"https:\/\/www.programme-television.org\/news\/cinema\/coulisses-tournage\/pupille-canal-elodie-bouchez-en-mere-adoptive-4645602\" target=\"_self\" rel=\"nofollow noopener\">Apr\u00e8s\u00a0  Pupille (son pr\u00e9c\u00e9dent\u00a0film, ndlr), je cherchais un nouveau\u00a0projet, explique-t-elle, et j\u2019ai entam\u00e9\u00a0des recherches sur deux sujets qui\u00a0m\u2019int\u00e9ressaient : le fonctionnement\u00a0du cerveau et le milieu de la justice.\u00a0Un jour, par hasard, je suis tomb\u00e9e\u00a0sur un podcast autour de la justice\u00a0r\u00e9paratrice. \u00c7a m\u2019a intrigu\u00e9e, puis\u00a0captiv\u00e9e. Ce qui m\u2019int\u00e9ressait dans\u00a0ce processus \u00e9tait pr\u00e9cis\u00e9ment\u00a0ce qui motivait mes recherches sur\u00a0le cerveau : la r\u00e9paration.<\/a> \u00bb<\/p>\n<p>La\u00a0r\u00e9alisatrice se documente, participe\u00a0\u00e0 des formations. \u00ab Au cours de mes\u00a0recherches, l\u2019un de mes interlocuteurs\u00a0m\u2019a confi\u00e9 : \u201cL\u2019objectif de la justice\u00a0restaurative, c\u2019est la lib\u00e9ration\u00a0des \u00e9motions par la parole.\u201d C\u2019est\u00a0cette lib\u00e9ration que j\u2019ai voulu mettre\u00a0en sc\u00e8ne. \u00bb Jeanne Herry, fille de\u00a0  <a href=\"https:\/\/www.programme-television.org\/news\/tv\/sequences-tele\/miou-miou-revele-dans-c-a-vous-pourquoi-elle-ne-s-est-jamais-rendue-aux-cesar-video-4701966\" target=\"_self\" rel=\"nofollow noopener\">Miou-Miou<\/a> et\u00a0  <a href=\"https:\/\/www.programme-television.org\/news\/people\/vie-privee\/julien-clerc-se-confie-sur-sa-femme-avant-je-me-laissais-gagner-par-les-idees-4744705\" target=\"_self\" rel=\"nofollow noopener\">Julien Clerc,<\/a> \u00e9crit le\u00a0sc\u00e9nario, ayant d\u00e9j\u00e0 certains acteurs\u00a0en t\u00eate pour incarner les personnages :\u00a0sa m\u00e8re, mais aussi <strong>\u00c9lodie Bouchez,\u00a0Gilles Lellouche, Le\u00efla Bekhti<\/strong>\u2026\u00a0L\u2019interpr\u00e9tation poignante d\u2019  <a href=\"https:\/\/www.programme-television.org\/news\/people\/vie-privee\/c-est-trop-bien-adele-exarchopoulos-fait-de-rares-confidences-sur-son-couple-avec-francois-civil-4742412\" target=\"_self\" rel=\"nofollow noopener\">Ad\u00e8le\u00a0Exarchopoulos,<\/a> qui joue une victime\u00a0de viols par son fr\u00e8re, lui a valu\u00a0le   <a href=\"https:\/\/www.programme-television.org\/news\/tv\/sequences-tele\/adele-exarchopoulos-emue-aux-larmes-en-recevant-un-cesar-dix-ans-apres-la-vie-d-adele-4724960\" target=\"_self\" rel=\"nofollow noopener\">C\u00e9sar de la Meilleure actrice dans\u00a0un second r\u00f4le<\/a>.<\/p>\n<p><a href=\"https:\/\/www.programme-television.org\/type\/films\/dramatiques\/je-verrai-toujours-vos-visages-249293374\" target=\"_blank\" rel=\"noopener nofollow\"><strong>  Je verrai toujours vos visages, dimanche 7 septembre \u00e0 21h10 sur France 2\u00a0<\/strong><\/a>\n    <\/p>\n","protected":false},"excerpt":{"rendered":"France 2 diffuse ce soir le drame Je verrai toujours vos visages. Nomm\u00e9 neuf fois aux C\u00e9sar 2024,&hellip;\n","protected":false},"author":2,"featured_media":373701,"comment_status":"","ping_status":"","sticky":false,"template":"","format":"standard","meta":{"footnotes":""},"categories":[1354],"tags":[58,59,1346,1011,27,1360],"class_list":{"0":"post-373700","1":"post","2":"type-post","3":"status-publish","4":"format-standard","5":"has-post-thumbnail","7":"category-films","8":"tag-divertissement","9":"tag-entertainment","10":"tag-films","11":"tag-fr","12":"tag-france","13":"tag-movies"},"share_on_mastodon":{"url":"https:\/\/pubeurope.com\/@fr\/115164815443377040","error":""},"_links":{"self":[{"href":"https:\/\/www.europesays.com\/fr\/wp-json\/wp\/v2\/posts\/373700","targetHints":{"allow":["GET"]}}],"collection":[{"href":"https:\/\/www.europesays.com\/fr\/wp-json\/wp\/v2\/posts"}],"about":[{"href":"https:\/\/www.europesays.com\/fr\/wp-json\/wp\/v2\/types\/post"}],"author":[{"embeddable":true,"href":"https:\/\/www.europesays.com\/fr\/wp-json\/wp\/v2\/users\/2"}],"replies":[{"embeddable":true,"href":"https:\/\/www.europesays.com\/fr\/wp-json\/wp\/v2\/comments?post=373700"}],"version-history":[{"count":0,"href":"https:\/\/www.europesays.com\/fr\/wp-json\/wp\/v2\/posts\/373700\/revisions"}],"wp:featuredmedia":[{"embeddable":true,"href":"https:\/\/www.europesays.com\/fr\/wp-json\/wp\/v2\/media\/373701"}],"wp:attachment":[{"href":"https:\/\/www.europesays.com\/fr\/wp-json\/wp\/v2\/media?parent=373700"}],"wp:term":[{"taxonomy":"category","embeddable":true,"href":"https:\/\/www.europesays.com\/fr\/wp-json\/wp\/v2\/categories?post=373700"},{"taxonomy":"post_tag","embeddable":true,"href":"https:\/\/www.europesays.com\/fr\/wp-json\/wp\/v2\/tags?post=373700"}],"curies":[{"name":"wp","href":"https:\/\/api.w.org\/{rel}","templated":true}]}}