{"id":373704,"date":"2025-09-07T20:07:13","date_gmt":"2025-09-07T20:07:13","guid":{"rendered":"https:\/\/www.europesays.com\/fr\/373704\/"},"modified":"2025-09-07T20:07:13","modified_gmt":"2025-09-07T20:07:13","slug":"lunfp-detruit-encore-les-instances-apres-les-blessures-de-doue-et-dembele","status":"publish","type":"post","link":"https:\/\/www.europesays.com\/fr\/373704\/","title":{"rendered":"L\u2019UNFP d\u00e9truit encore les instances apr\u00e8s les blessures de Dou\u00e9 et Demb\u00e9l\u00e9"},"content":{"rendered":"<p>Il n\u2019y a pas que le PSG qui s\u2019indigne des blessures d\u2019Ousmane Demb\u00e9l\u00e9 et de <a href=\"https:\/\/www.footmercato.net\/joueur\/desire-doue\/\" rel=\"nofollow noopener\" target=\"_blank\">D\u00e9sir\u00e9 Dou\u00e9<\/a>. Dans un communiqu\u00e9 publi\u00e9 ce dimanche apr\u00e8s-midi, l\u2019Union nationale des footballeurs professionnels (UNFP) interpelle \u00e0 nouveau la FIFA concernant le calendrier infernal et le risque accru pour la sant\u00e9 mentale et physique des joueurs. Face \u00e0 l\u2019accumulation des matches et au manque de repos, le syndicat fran\u00e7ais a m\u00eame saisi cet \u00e9t\u00e9 le Comit\u00e9 europ\u00e9en des droits sociaux, estimant que les conditions impos\u00e9es aux footballeurs professionnels en France contreviennent \u00e0 la Charte sociale europ\u00e9enne.<\/p>\n<p>            La suite apr\u00e8s cette publicit\u00e9<\/p>\n<p>\u00ab Il convient donc tous ensemble de mettre en place au plus vite de nouvelles r\u00e8gles [\u2026] pour r\u00e9ussir malgr\u00e9 tout \u00e0 prot\u00e9ger les joueurs \u00bb, insiste David Terrier, pr\u00e9sident de l\u2019UNFP, qui appelle \u00e0 un v\u00e9ritable dialogue social avec l\u2019instance dirig\u00e9e par Gianni Infantino. \u00ab Nous demandons \u00e0 l\u2019\u00c9tat d\u2019intervenir puisqu\u2019il est impossible, malgr\u00e9 de nombreuses communications, actions et d\u00e9p\u00f4ts de plainte, de faire entendre raison \u00e0 la FIFA. \u00bb<\/p>\n<p>\n    Pub. le 07\/09\/2025 17:16<br \/>\n            &#8211; MAJ le 07\/09\/2025 20:06\n    <\/p>\n","protected":false},"excerpt":{"rendered":"Il n\u2019y a pas que le PSG qui s\u2019indigne des blessures d\u2019Ousmane Demb\u00e9l\u00e9 et de D\u00e9sir\u00e9 Dou\u00e9. Dans&hellip;\n","protected":false},"author":2,"featured_media":373705,"comment_status":"","ping_status":"","sticky":false,"template":"","format":"standard","meta":{"footnotes":""},"categories":[9],"tags":[1011,27,60],"class_list":{"0":"post-373704","1":"post","2":"type-post","3":"status-publish","4":"format-standard","5":"has-post-thumbnail","7":"category-sports","8":"tag-fr","9":"tag-france","10":"tag-sports"},"share_on_mastodon":{"url":"https:\/\/pubeurope.com\/@fr\/115164823299209708","error":""},"_links":{"self":[{"href":"https:\/\/www.europesays.com\/fr\/wp-json\/wp\/v2\/posts\/373704","targetHints":{"allow":["GET"]}}],"collection":[{"href":"https:\/\/www.europesays.com\/fr\/wp-json\/wp\/v2\/posts"}],"about":[{"href":"https:\/\/www.europesays.com\/fr\/wp-json\/wp\/v2\/types\/post"}],"author":[{"embeddable":true,"href":"https:\/\/www.europesays.com\/fr\/wp-json\/wp\/v2\/users\/2"}],"replies":[{"embeddable":true,"href":"https:\/\/www.europesays.com\/fr\/wp-json\/wp\/v2\/comments?post=373704"}],"version-history":[{"count":0,"href":"https:\/\/www.europesays.com\/fr\/wp-json\/wp\/v2\/posts\/373704\/revisions"}],"wp:featuredmedia":[{"embeddable":true,"href":"https:\/\/www.europesays.com\/fr\/wp-json\/wp\/v2\/media\/373705"}],"wp:attachment":[{"href":"https:\/\/www.europesays.com\/fr\/wp-json\/wp\/v2\/media?parent=373704"}],"wp:term":[{"taxonomy":"category","embeddable":true,"href":"https:\/\/www.europesays.com\/fr\/wp-json\/wp\/v2\/categories?post=373704"},{"taxonomy":"post_tag","embeddable":true,"href":"https:\/\/www.europesays.com\/fr\/wp-json\/wp\/v2\/tags?post=373704"}],"curies":[{"name":"wp","href":"https:\/\/api.w.org\/{rel}","templated":true}]}}