{"id":373706,"date":"2025-09-07T20:08:11","date_gmt":"2025-09-07T20:08:11","guid":{"rendered":"https:\/\/www.europesays.com\/fr\/373706\/"},"modified":"2025-09-07T20:08:11","modified_gmt":"2025-09-07T20:08:11","slug":"toujours-vierge-une-ex-miss-devoile-le-harcelement-sexuel-vecu","status":"publish","type":"post","link":"https:\/\/www.europesays.com\/fr\/373706\/","title":{"rendered":"\u00ab\u00a0Toujours vierge\u00a0?\u00a0\u00bb\u2026 Une ex-Miss d\u00e9voile le harc\u00e8lement sexuel v\u00e9cu"},"content":{"rendered":"<p>Les scandales, <a href=\"https:\/\/www.20minutes.fr\/arts-stars\/television\/miss_france\/\" class=\"c-link c-link--is-underlined\" target=\"_blank\" rel=\"noopener\">Miss France<\/a> en a d\u00e9j\u00e0 v\u00e9cu. Mais jusqu\u2019\u00e0 pr\u00e9sent, le concours de beaut\u00e9 avait \u00e9chapp\u00e9 \u00e0 <a href=\"https:\/\/www.20minutes.fr\/dossier\/too\" class=\"c-link c-link--is-underlined\" target=\"_blank\" rel=\"noopener\">#MeToo<\/a>. Ce lundi avec la sortie du livre Miss France, du r\u00eave \u00e0 la r\u00e9alit\u00e9 d\u2019Hubert Gu\u00e9rin pourrait changer les choses. Car le dernier collaborateur de Genevi\u00e8ve de\u00a0Fontenay d\u00e9nonce de \u00ab\u00a0hauts dirigeants du concours accus\u00e9s d\u2019agressions sexuelles\u00a0\u00bb. <a href=\"https:\/\/www.leparisien.fr\/culture-loisirs\/il-ma-demande-si-jetais-vierge-une-ex-candidate-a-miss-bourgogne-denonce-un-harcelement-sexuel-07-09-2025-DZFQZMPNCBDOHBQTQPWH4XI7KM.php\" rel=\"nofollow noopener\" target=\"_blank\" class=\"c-link c-link--is-underlined\">Dans Le Parisien<\/a>, ce dimanche, une ex-candidate \u00e0 Miss Bourgogne, <a href=\"https:\/\/www.facebook.com\/ludivinelangloismissnievre2016\/\" rel=\"nofollow noopener\" target=\"_blank\" class=\"c-link c-link--is-underlined\">Ludivine Langlois<\/a>, d\u00e9voile le <a href=\"https:\/\/www.20minutes.fr\/societe\/harcelement-sexuel\/\" class=\"c-link c-link--is-underlined\" target=\"_blank\" rel=\"noopener\">harc\u00e8lement sexuel<\/a> v\u00e9cu alors qu\u2019elle avait 19 ans en\u00a02016.<\/p>\n<p>Miss Ni\u00e8vre 2016 accuse un b\u00e9n\u00e9vole qui \u00ab\u00a0avait du pouvoir dans le concours\u00a0\u00bb, qui \u00ab\u00a0pourrait me favoriser \u00e0 l\u2019\u00e9lection r\u00e9gionale\u00a0\u00bb de lui avoir envoy\u00e9 de nombreux SMS notamment \u00ab\u00a0Tu es toujours vierge, Ludivine\u00a0?\u00a0\u00bb ou \u00ab\u00a0Tu sais des fois en tenue sexy tu ne me laisses pas insensible lol\u00a0\u00bb.<\/p>\n<\/p>\n<p>Malgr\u00e9 ses refus polis, l\u2019homme \u00ab\u00a0beaucoup plus \u00e2g\u00e9\u00a0\u00bb que la Miss poursuit ses envois. Elle n\u2019en a pas parl\u00e9 \u00e0 l\u2019\u00e9poque aux d\u00e9l\u00e9gu\u00e9s du comit\u00e9 Miss Bourgogne. Sa prise de parole coupl\u00e9e \u00e0 la sortie du livre Miss France, du r\u00eave \u00e0 la r\u00e9alit\u00e9 pourraient inciter d\u2019autres Miss nationales, r\u00e9gionales, d\u00e9partementales \u00e0 t\u00e9moigner dans les prochains jours.<\/p>\n","protected":false},"excerpt":{"rendered":"Les scandales, Miss France en a d\u00e9j\u00e0 v\u00e9cu. Mais jusqu\u2019\u00e0 pr\u00e9sent, le concours de beaut\u00e9 avait \u00e9chapp\u00e9 \u00e0&hellip;\n","protected":false},"author":2,"featured_media":373707,"comment_status":"","ping_status":"","sticky":false,"template":"","format":"standard","meta":{"footnotes":""},"categories":[8],"tags":[2719,2718,50769,58,59,1011,27,28742,5686,27472,3034,50770,973,104,7434,797],"class_list":{"0":"post-373706","1":"post","2":"type-post","3":"status-publish","4":"format-standard","5":"has-post-thumbnail","7":"category-divertissement","8":"tag-bourgogne","9":"tag-bourgogne-franche-comte","10":"tag-concours-de-beaute","11":"tag-divertissement","12":"tag-entertainment","13":"tag-fr","14":"tag-france","15":"tag-harcelement-sexuel","16":"tag-metoo","17":"tag-miss","18":"tag-miss-france","19":"tag-nievre","20":"tag-people","21":"tag-societe","22":"tag-violences-sexuelles-et-sexistes","23":"tag-violences-faites-aux-femmes"},"share_on_mastodon":{"url":"https:\/\/pubeurope.com\/@fr\/115164827070324000","error":""},"_links":{"self":[{"href":"https:\/\/www.europesays.com\/fr\/wp-json\/wp\/v2\/posts\/373706","targetHints":{"allow":["GET"]}}],"collection":[{"href":"https:\/\/www.europesays.com\/fr\/wp-json\/wp\/v2\/posts"}],"about":[{"href":"https:\/\/www.europesays.com\/fr\/wp-json\/wp\/v2\/types\/post"}],"author":[{"embeddable":true,"href":"https:\/\/www.europesays.com\/fr\/wp-json\/wp\/v2\/users\/2"}],"replies":[{"embeddable":true,"href":"https:\/\/www.europesays.com\/fr\/wp-json\/wp\/v2\/comments?post=373706"}],"version-history":[{"count":0,"href":"https:\/\/www.europesays.com\/fr\/wp-json\/wp\/v2\/posts\/373706\/revisions"}],"wp:featuredmedia":[{"embeddable":true,"href":"https:\/\/www.europesays.com\/fr\/wp-json\/wp\/v2\/media\/373707"}],"wp:attachment":[{"href":"https:\/\/www.europesays.com\/fr\/wp-json\/wp\/v2\/media?parent=373706"}],"wp:term":[{"taxonomy":"category","embeddable":true,"href":"https:\/\/www.europesays.com\/fr\/wp-json\/wp\/v2\/categories?post=373706"},{"taxonomy":"post_tag","embeddable":true,"href":"https:\/\/www.europesays.com\/fr\/wp-json\/wp\/v2\/tags?post=373706"}],"curies":[{"name":"wp","href":"https:\/\/api.w.org\/{rel}","templated":true}]}}