{"id":373718,"date":"2025-09-07T20:14:22","date_gmt":"2025-09-07T20:14:22","guid":{"rendered":"https:\/\/www.europesays.com\/fr\/373718\/"},"modified":"2025-09-07T20:14:22","modified_gmt":"2025-09-07T20:14:22","slug":"nous-comptons-plus-de-430-eleves","status":"publish","type":"post","link":"https:\/\/www.europesays.com\/fr\/373718\/","title":{"rendered":"\u00ab\u00a0Nous comptons plus de 430 \u00e9l\u00e8ves\u00a0\u00bb"},"content":{"rendered":"<blockquote class=\"question\"><p>Le bureau de Roche Danse a \u00e9t\u00e9 renouvel\u00e9. Pouvez-vous nous en dire plus\u00a0?<\/p><\/blockquote>\n<p>\u00ab\u00a0Je succ\u00e8de \u00e0 mon p\u00e8re, Jean-Louis, qui a pass\u00e9 35 ans \u00e0 la t\u00eate du club qui s\u2019appelait au d\u00e9part Club 1\u00a0900. J\u2019ai 36\u00a0ans et je fais partie du club depuis l\u2019\u00e2ge de 3 ans. Suite aux difficult\u00e9s rencontr\u00e9es l\u2019ann\u00e9e derni\u00e8re avec le d\u00e9part de deux professeurs, il a fallu se mobiliser.<\/p>\n<p>Des liens se sont cr\u00e9\u00e9s et d\u00e9velopp\u00e9s afin de faire bloc au sein de Roche Danse entre les jeunes parents qui n\u2019\u00e9taient pas forc\u00e9ment tr\u00e8s investis.<\/p>\n<p>Beaucoup d\u2019adh\u00e9rents nous ont apport\u00e9 leur aide tout au long de l\u2019ann\u00e9e. Une nouvelle \u00e9quipe s\u2019est raccroch\u00e9e \u00e0 l\u2019ancienne,&#8230;<\/p>\n","protected":false},"excerpt":{"rendered":"Le bureau de Roche Danse a \u00e9t\u00e9 renouvel\u00e9. Pouvez-vous nous en dire plus\u00a0? \u00ab\u00a0Je succ\u00e8de \u00e0 mon p\u00e8re,&hellip;\n","protected":false},"author":2,"featured_media":373719,"comment_status":"","ping_status":"","sticky":false,"template":"","format":"standard","meta":{"footnotes":""},"categories":[9653],"tags":[1111,11,2430,7539,1777,674,1011,27,12,25,12490,12491,4001,517],"class_list":{"0":"post-373718","1":"post","2":"type-post","3":"status-publish","4":"format-standard","5":"has-post-thumbnail","7":"category-saint-etienne","8":"tag-actu","9":"tag-actualites","10":"tag-auvergne-rhone-alpes","11":"tag-edition-loire-sud","12":"tag-eu","13":"tag-europe","14":"tag-fr","15":"tag-france","16":"tag-news","17":"tag-republique-francaise","18":"tag-roche-la-moliere","19":"tag-roche-la-moliere-bassin","20":"tag-saint-etienne","21":"tag-sport"},"share_on_mastodon":{"url":"https:\/\/pubeurope.com\/@fr\/115164850704204442","error":""},"_links":{"self":[{"href":"https:\/\/www.europesays.com\/fr\/wp-json\/wp\/v2\/posts\/373718","targetHints":{"allow":["GET"]}}],"collection":[{"href":"https:\/\/www.europesays.com\/fr\/wp-json\/wp\/v2\/posts"}],"about":[{"href":"https:\/\/www.europesays.com\/fr\/wp-json\/wp\/v2\/types\/post"}],"author":[{"embeddable":true,"href":"https:\/\/www.europesays.com\/fr\/wp-json\/wp\/v2\/users\/2"}],"replies":[{"embeddable":true,"href":"https:\/\/www.europesays.com\/fr\/wp-json\/wp\/v2\/comments?post=373718"}],"version-history":[{"count":0,"href":"https:\/\/www.europesays.com\/fr\/wp-json\/wp\/v2\/posts\/373718\/revisions"}],"wp:featuredmedia":[{"embeddable":true,"href":"https:\/\/www.europesays.com\/fr\/wp-json\/wp\/v2\/media\/373719"}],"wp:attachment":[{"href":"https:\/\/www.europesays.com\/fr\/wp-json\/wp\/v2\/media?parent=373718"}],"wp:term":[{"taxonomy":"category","embeddable":true,"href":"https:\/\/www.europesays.com\/fr\/wp-json\/wp\/v2\/categories?post=373718"},{"taxonomy":"post_tag","embeddable":true,"href":"https:\/\/www.europesays.com\/fr\/wp-json\/wp\/v2\/tags?post=373718"}],"curies":[{"name":"wp","href":"https:\/\/api.w.org\/{rel}","templated":true}]}}