{"id":373720,"date":"2025-09-07T20:15:26","date_gmt":"2025-09-07T20:15:26","guid":{"rendered":"https:\/\/www.europesays.com\/fr\/373720\/"},"modified":"2025-09-07T20:15:26","modified_gmt":"2025-09-07T20:15:26","slug":"un-attaquant-de-lasse-figurait-sur-les-tablettes-des-gones","status":"publish","type":"post","link":"https:\/\/www.europesays.com\/fr\/373720\/","title":{"rendered":"Un attaquant de l&rsquo;ASSE figurait sur les tablettes des Gones"},"content":{"rendered":"<p>                                            Publi\u00e9 le 07\/09\/2025 \u00e0 19h16<br \/>\n                                                                                3 minutes de lecture\n                                                                    <\/p>\n<p>F\u00e9ru de sport et plus particuli\u00e8rement de ballon rond depuis ma plus tendre enfance.<\/p>\n<p>                                            Lire la suite<\/p>\n<p>Le mercato estival de l\u00a0\u00bbOlympique Lyonnais traverse une p\u00e9riode particuli\u00e8rement d\u00e9licate, marqu\u00e9e par des n\u00e9gociations complexes et des obstacles financiers majeurs. Apr\u00e8s le d\u00e9part de <strong>Georges Mikautadze<\/strong> vers Villarreal, les dirigeants rhodaniens se retrouvent confront\u00e9s \u00e0 un d\u00e9fi de taille : d\u00e9nicher un attaquant de pointe capable de combler le vide laiss\u00e9 par l&rsquo;international g\u00e9orgien. Cette recherche effr\u00e9n\u00e9e d&rsquo;un nouveau num\u00e9ro 9 r\u00e9v\u00e8le les contraintes budg\u00e9taires du club lyonnais, qui doit composer avec des moyens limit\u00e9s tout en maintenant ses ambitions sportives. L&rsquo;urgence de la situation s&rsquo;intensifie \u00e0 mesure que la reprise du championnat approche, pla\u00e7ant <strong>Paulo Fonseca<\/strong> dans une position d\u00e9licate pour constituer un effectif comp\u00e9titif. Les supporters lyonnais, habitu\u00e9s aux grandes man\u0153uvres mercantiles, observent avec inqui\u00e9tude cette p\u00e9riode d&rsquo;incertitude qui pourrait compromettre les objectifs de la saison \u00e0 venir.<\/p>\n<p>                                <img decoding=\"async\" src=\"https:\/\/www.europesays.com\/fr\/wp-content\/uploads\/2025\/04\/1744123449_543_logo.png\" alt=\"Logo\"\/><\/p>\n<p>100\u20ac offerts sur ton 1er pari !<\/p>\n<p>                            <a href=\"https:\/\/bit.ly\/4j5wl4k\" class=\"headband-button\" rel=\"nofollow noopener\" target=\"_blank\">J&rsquo;en profite<\/a><\/p>\n<p>                                                                <img loading=\"lazy\" decoding=\"async\" src=\"https:\/\/www.europesays.com\/fr\/wp-content\/uploads\/2025\/09\/mercato-ol-un-attaquant-de-l-asse-figurait-sur-les-tablettes-des-gones.jpg\" alt=\"Illustration : &quot;Mercato OL : Un attaquant de l'ASSE figurait sur les tablettes des Gones&quot;\" class=\"figure-img img-fluid\" width=\"780\" height=\"478\"\/><\/p>\n<p>                                    \u00a9 Site officiel de l&rsquo;OL                                <\/p>\n<p>La qu\u00eate d\u00e9sesp\u00e9r\u00e9e d&rsquo;un successeur \u00e0 Mikautadze<\/p>\n<p>Le vide laiss\u00e9 par le d\u00e9part de <strong>Mikautadze<\/strong> vers Villarreal constitue un v\u00e9ritable casse-t\u00eate pour l&rsquo;\u00e9tat-major lyonnais. L&rsquo;attaquant g\u00e9orgien, qui avait s\u00e9duit par ses performances et son profil d&rsquo;avant-centre moderne, repr\u00e9sentait un \u00e9l\u00e9ment cl\u00e9 du dispositif offensif de Paulo Fonseca. Sa capacit\u00e9 \u00e0 combiner jeu de dos et percussion faisait de lui un atout pr\u00e9cieux dans le syst\u00e8me de jeu lyonnais. D\u00e9sormais, les dirigeants rhodaniens doivent identifier un profil similaire, capable d&rsquo;apporter cette dimension physique et technique indispensable au front de l&rsquo;attaque. Cette recherche s&rsquo;av\u00e8re d&rsquo;autant plus complexe que le march\u00e9 des transferts estival offre peu d&rsquo;opportunit\u00e9s \u00e0 la hauteur des attentes lyonnaises. Les scouts du club multiplient les observations et les contacts, mais peinent \u00e0 identifier la perle rare qui pourrait s&rsquo;\u00e9panouir sous le maillot de l&rsquo;OL. L&rsquo;urgence de la situation place une pression suppl\u00e9mentaire sur les n\u00e9gociateurs, qui doivent concilier qualit\u00e9 du recrutement et contraintes temporelles.<\/p>\n<p>L&rsquo;\u00e9chec des n\u00e9gociations avec Saint-\u00c9tienne pour Stassin<\/p>\n<p>L&rsquo;int\u00e9r\u00eat de l&rsquo;OL pour <strong>Lucas Stassin<\/strong> illustre parfaitement les difficult\u00e9s rencontr\u00e9es sur le march\u00e9 des transferts. Le jeune attaquant belge, qui \u00e9volue chez les voisins st\u00e9phanois, avait tap\u00e9 dans l&rsquo;\u0153il des recruteurs lyonnais par son potentiel et sa progression constante depuis son arriv\u00e9e dans le Forez. Cependant, les n\u00e9gociations avec l&rsquo;ASSE ont rapidement tourn\u00e9 court face aux exigences financi\u00e8res des Verts. Selon L&rsquo;\u00c9quipe, Saint-\u00c9tienne a pos\u00e9 un veto \u00e9conomique r\u00e9dhibitoire en r\u00e9clamant <strong>30 millions d&rsquo;euros<\/strong> pour leur buteur, une somme que l&rsquo;OL ne peut se permettre d&rsquo;investir. Cette valorisation repr\u00e9senterait la quasi-totalit\u00e9 du montant obtenu avec la vente de Mikautadze, ne laissant aucune marge de man\u0153uvre pour d&rsquo;autres renforts. La cote de Stassin ne cesse de grimper, attirant l&rsquo;attention de plusieurs clubs, notamment le <strong>Stade Rennais<\/strong> et le <strong>Paris FC<\/strong>, qui compliquent encore davantage les n\u00e9gociations. Cette situation r\u00e9v\u00e8le les limites budg\u00e9taires de l&rsquo;OL, contraint d&rsquo;abandonner certaines pistes malgr\u00e9 leur pertinence sportive.<\/p>\n<p>Les contraintes budg\u00e9taires face aux ambitions sportives<\/p>\n<p>Le recrutement de <strong>Rachid Ghezzal<\/strong> t\u00e9moigne de la strat\u00e9gie d&rsquo;opportunit\u00e9 adopt\u00e9e par les dirigeants lyonnais en cette p\u00e9riode de mercato. Le sp\u00e9cialiste des coups de pied arr\u00eat\u00e9s apporte son exp\u00e9rience et sa cr\u00e9ativit\u00e9 au front de l&rsquo;attaque, mais ne r\u00e9sout pas la probl\u00e9matique du poste d&rsquo;avant-centre. Cette signature illustre la n\u00e9cessit\u00e9 pour l&rsquo;OL de composer avec des moyens limit\u00e9s tout en tentant de maintenir un niveau d&rsquo;exigence \u00e9lev\u00e9. Les dirigeants passent en revue diff\u00e9rents dossiers, mais se heurtent r\u00e9guli\u00e8rement aux valorisations \u00e9lev\u00e9es des cibles identifi\u00e9es. Cette situation met en lumi\u00e8re l&rsquo;\u00e9quilibre fragile entre la volont\u00e9 de frapper fort sur le march\u00e9 et la gestion raisonn\u00e9e des ressources du club. Les n\u00e9gociations achoppent souvent sur les aspects financiers, comme l&rsquo;a d\u00e9montr\u00e9 l&rsquo;\u00e9chec du dossier Stassin. L&rsquo;OL doit d\u00e9sormais explorer d&rsquo;autres pistes, potentiellement moins on\u00e9reuses, pour compl\u00e9ter son effectif avant la fermeture du mercato. Cette contrainte budg\u00e9taire pourrait contraindre le club \u00e0 se tourner vers des profils moins \u00e9tablis ou des opportunit\u00e9s de fin de mercato.<\/p>\n<p>Apr\u00e8s avoir remport\u00e9 L\u2019Olympico, l\u2019OL devra r\u00e9pondre pr\u00e9sent lors de son d\u00e9placement \u00e0 Rennes. Pour cette rencontre, profitez de 100\u20ac offerts pour votre premi\u00e8re inscription sur Parions Sport en Ligne. <a href=\"http:\/\/bit.ly\/4hgs1yE\" rel=\"nofollow noopener\" target=\"_blank\"><strong>Une victoire de l\u2019OL face au Stade Rennais vous rapporte jusqu\u2019\u00e0 235\u20ac !<\/strong><\/a><\/p>\n<p><strong>Pour en profiter, c\u2019est tr\u00e8s simple :<\/strong><\/p>\n<p>&#8211;                  Cr\u00e9ez votre compte joueur en seulement 2 \u00e9tapes <a href=\"http:\/\/bit.ly\/4hgs1yE\" rel=\"nofollow noopener\" target=\"_blank\"><strong>ici<\/strong><\/a><\/p>\n<p>&#8211;                  R\u00e9alisez votre 1er d\u00e9p\u00f4t puis placez votre 1er pari (Minimum 5\u20ac)<\/p>\n<p>&#8211;                  Une fois votre 1er d\u00e9p\u00f4t et votre 1er pari r\u00e9alis\u00e9s, l\u2019int\u00e9gralit\u00e9 du montant de ce 1er pari sera cr\u00e9dit\u00e9e sur votre compte joueur dans la limite de 100\u20ac maximum et sous la forme de cr\u00e9dits de jeu non retirables. Le cr\u00e9dit s\u2019effectuera alors en une seule \u00e9tape et sous 3 jours<\/p>\n<p>Jouer comporte des risques : endettement, d\u00e9pendance\u2026 Appelez le 09 74 75 13 13 (appel non surtax\u00e9)<\/p>\n","protected":false},"excerpt":{"rendered":"Publi\u00e9 le 07\/09\/2025 \u00e0 19h16 3 minutes de lecture F\u00e9ru de sport et plus particuli\u00e8rement de ballon rond&hellip;\n","protected":false},"author":2,"featured_media":373721,"comment_status":"","ping_status":"","sticky":false,"template":"","format":"standard","meta":{"footnotes":""},"categories":[9653],"tags":[1111,11,2430,1777,674,1011,27,12,25,4001],"class_list":{"0":"post-373720","1":"post","2":"type-post","3":"status-publish","4":"format-standard","5":"has-post-thumbnail","7":"category-saint-etienne","8":"tag-actu","9":"tag-actualites","10":"tag-auvergne-rhone-alpes","11":"tag-eu","12":"tag-europe","13":"tag-fr","14":"tag-france","15":"tag-news","16":"tag-republique-francaise","17":"tag-saint-etienne"},"share_on_mastodon":{"url":"https:\/\/pubeurope.com\/@fr\/115164854643197783","error":""},"_links":{"self":[{"href":"https:\/\/www.europesays.com\/fr\/wp-json\/wp\/v2\/posts\/373720","targetHints":{"allow":["GET"]}}],"collection":[{"href":"https:\/\/www.europesays.com\/fr\/wp-json\/wp\/v2\/posts"}],"about":[{"href":"https:\/\/www.europesays.com\/fr\/wp-json\/wp\/v2\/types\/post"}],"author":[{"embeddable":true,"href":"https:\/\/www.europesays.com\/fr\/wp-json\/wp\/v2\/users\/2"}],"replies":[{"embeddable":true,"href":"https:\/\/www.europesays.com\/fr\/wp-json\/wp\/v2\/comments?post=373720"}],"version-history":[{"count":0,"href":"https:\/\/www.europesays.com\/fr\/wp-json\/wp\/v2\/posts\/373720\/revisions"}],"wp:featuredmedia":[{"embeddable":true,"href":"https:\/\/www.europesays.com\/fr\/wp-json\/wp\/v2\/media\/373721"}],"wp:attachment":[{"href":"https:\/\/www.europesays.com\/fr\/wp-json\/wp\/v2\/media?parent=373720"}],"wp:term":[{"taxonomy":"category","embeddable":true,"href":"https:\/\/www.europesays.com\/fr\/wp-json\/wp\/v2\/categories?post=373720"},{"taxonomy":"post_tag","embeddable":true,"href":"https:\/\/www.europesays.com\/fr\/wp-json\/wp\/v2\/tags?post=373720"}],"curies":[{"name":"wp","href":"https:\/\/api.w.org\/{rel}","templated":true}]}}