{"id":373724,"date":"2025-09-07T20:17:23","date_gmt":"2025-09-07T20:17:23","guid":{"rendered":"https:\/\/www.europesays.com\/fr\/373724\/"},"modified":"2025-09-07T20:17:23","modified_gmt":"2025-09-07T20:17:23","slug":"debut-de-labattage-des-frenes-atteints-de-chalarose","status":"publish","type":"post","link":"https:\/\/www.europesays.com\/fr\/373724\/","title":{"rendered":"d\u00e9but de l\u2019abattage des fr\u00eanes atteints de chalarose"},"content":{"rendered":"<p>        <strong>La M\u00e9tropole du Grand Nancy lance lundi un chantier d\u2019abattage de fr\u00eanes malades sur le Plateau de Malz\u00e9ville. Fragilis\u00e9s par la chalarose, ces arbres pr\u00e9sentent un risque de chute. Les travaux doivent durer un mois et impliquent la fermeture compl\u00e8te de la M32\u00a0aux v\u00e9hicules, aux pi\u00e9tons et aux cyclistes.<\/strong><\/p>\n<p>Depuis plusieurs ann\u00e9es, les fr\u00eanes du fond de\u00a0Ronch\u00e8re, situ\u00e9s en bordure du Plateau de Malz\u00e9ville, sont gravement touch\u00e9s par la\u00a0chalarose, une maladie fongique affaiblissant les arbres, jusqu&rsquo;\u00e0 provoquer leur chute. En concertation avec les communes concern\u00e9es et l\u2019Office national des for\u00eats, la M\u00e9tropole a programm\u00e9 \u00ab\u00a0un abattage cibl\u00e9 pour \u00e9liminer les arbres dangereux\u00a0\u00bb dans le respect des contraintes li\u00e9es \u00e0 cet espace naturel class\u00e9. La p\u00e9riode de nidification, d\u2019avril \u00e0 d\u00e9but septembre, a \u00e9t\u00e9 observ\u00e9e, et des v\u00e9rifications ont permis de rep\u00e9rer les cavit\u00e9s, nids de rapaces et autres esp\u00e8ces prot\u00e9g\u00e9es, ainsi que la pr\u00e9sence de reptiles et d\u2019amphibiens, pr\u00e9cise la M\u00e9tropole du Grand Nancy dans un communiqu\u00e9.\u00a0<\/p>\n<p>La route M32, ferm\u00e9e depuis le 30 avril en raison des risques, restera coup\u00e9e \u00e0 la circulation pendant toute la dur\u00e9e du chantier, estim\u00e9e \u00e0 un mois, sous r\u00e9serve de la m\u00e9t\u00e9o. La voie sera interdite aux v\u00e9hicules, pi\u00e9tons et cyclistes, et un p\u00e9rim\u00e8tre de s\u00e9curit\u00e9 sera maintenu autour des zones d\u2019intervention. Les d\u00e9viations existantes demeurent en place.<\/p>\n<p>\t\t\t\t\t\t<a href=\"https:\/\/www.pinterest.com\/pin\/create\/button\/\" data-pin-do=\"buttonBookmark\" data-pin-color=\"red\" rel=\"nofollow noopener\" target=\"_blank\"><img decoding=\"async\" src=\"https:\/\/www.europesays.com\/fr\/wp-content\/uploads\/2025\/04\/pinit_fg_en_rect_red_20.png\" alt=\"Pin It\"\/><\/a><\/p>\n","protected":false},"excerpt":{"rendered":"La M\u00e9tropole du Grand Nancy lance lundi un chantier d\u2019abattage de fr\u00eanes malades sur le Plateau de Malz\u00e9ville.&hellip;\n","protected":false},"author":2,"featured_media":373725,"comment_status":"","ping_status":"","sticky":false,"template":"","format":"standard","meta":{"footnotes":""},"categories":[9635],"tags":[1111,11,1777,674,1011,27,775,1702,12,25],"class_list":{"0":"post-373724","1":"post","2":"type-post","3":"status-publish","4":"format-standard","5":"has-post-thumbnail","7":"category-nancy","8":"tag-actu","9":"tag-actualites","10":"tag-eu","11":"tag-europe","12":"tag-fr","13":"tag-france","14":"tag-grand-est","15":"tag-nancy","16":"tag-news","17":"tag-republique-francaise"},"share_on_mastodon":{"url":"https:\/\/pubeurope.com\/@fr\/115164862475665253","error":""},"_links":{"self":[{"href":"https:\/\/www.europesays.com\/fr\/wp-json\/wp\/v2\/posts\/373724","targetHints":{"allow":["GET"]}}],"collection":[{"href":"https:\/\/www.europesays.com\/fr\/wp-json\/wp\/v2\/posts"}],"about":[{"href":"https:\/\/www.europesays.com\/fr\/wp-json\/wp\/v2\/types\/post"}],"author":[{"embeddable":true,"href":"https:\/\/www.europesays.com\/fr\/wp-json\/wp\/v2\/users\/2"}],"replies":[{"embeddable":true,"href":"https:\/\/www.europesays.com\/fr\/wp-json\/wp\/v2\/comments?post=373724"}],"version-history":[{"count":0,"href":"https:\/\/www.europesays.com\/fr\/wp-json\/wp\/v2\/posts\/373724\/revisions"}],"wp:featuredmedia":[{"embeddable":true,"href":"https:\/\/www.europesays.com\/fr\/wp-json\/wp\/v2\/media\/373725"}],"wp:attachment":[{"href":"https:\/\/www.europesays.com\/fr\/wp-json\/wp\/v2\/media?parent=373724"}],"wp:term":[{"taxonomy":"category","embeddable":true,"href":"https:\/\/www.europesays.com\/fr\/wp-json\/wp\/v2\/categories?post=373724"},{"taxonomy":"post_tag","embeddable":true,"href":"https:\/\/www.europesays.com\/fr\/wp-json\/wp\/v2\/tags?post=373724"}],"curies":[{"name":"wp","href":"https:\/\/api.w.org\/{rel}","templated":true}]}}