{"id":373730,"date":"2025-09-07T20:20:17","date_gmt":"2025-09-07T20:20:17","guid":{"rendered":"https:\/\/www.europesays.com\/fr\/373730\/"},"modified":"2025-09-07T20:20:17","modified_gmt":"2025-09-07T20:20:17","slug":"lantigone-cette-belle-vitrine-du-ciment-associatif-montpellierain","status":"publish","type":"post","link":"https:\/\/www.europesays.com\/fr\/373730\/","title":{"rendered":"L\u2019Antigone, cette belle vitrine du ciment associatif montpelli\u00e9rain"},"content":{"rendered":"<p>\n                                                                Carrefour \u00e9ph\u00e9m\u00e8re du genre, cette nouvelle \u00e9dition a fait le plein ce dimanche 7 septembre.\n                            <\/p>\n<p>\u00ab\u00a0Merci \u00e0 ceux qui rendent possible cette manifestation\u2005! On a des hommes et des femmes qui donnent du temps, de leur temps, au service des autres, qui nous font du bien\u00a0\u00bb, s\u2019est enthousiasm\u00e9, ce dimanche 7 septembre en fin de matin\u00e9e, Micha\u00ebl Delafosse lors de la visite du maire et des \u00e9lus de cette nouvelle \u00e9dition de L\u2019Antigone des associations, dans le quartier \u00e9ponyme.<\/p>\n<p>Une r\u00e9ussite dominicale<\/p>\n<p>Des dizaines de structures montpelli\u00e9raines mais \u00e9galement des commlunes alentours, des centaines de b\u00e9n\u00e9voles et des milliers de visiteurs m\u00e9tropolitains (mais pas seulement) ont particip\u00e9 \u00e0 cette r\u00e9ussite dominicale. L\u2019occasion, pour nombre de visiteurs de prendre conseil et d\u00e9couvrir ou d\u2019embrasser un loisir pour l\u2019ann\u00e9e \u00e0 venir.<\/p>\n","protected":false},"excerpt":{"rendered":"Carrefour \u00e9ph\u00e9m\u00e8re du genre, cette nouvelle \u00e9dition a fait le plein ce dimanche 7 septembre. \u00ab\u00a0Merci \u00e0 ceux&hellip;\n","protected":false},"author":2,"featured_media":373731,"comment_status":"","ping_status":"","sticky":false,"template":"","format":"standard","meta":{"footnotes":""},"categories":[9599],"tags":[1111,11,1777,674,1011,27,2208,12,2680,25],"class_list":{"0":"post-373730","1":"post","2":"type-post","3":"status-publish","4":"format-standard","5":"has-post-thumbnail","7":"category-montpellier","8":"tag-actu","9":"tag-actualites","10":"tag-eu","11":"tag-europe","12":"tag-fr","13":"tag-france","14":"tag-montpellier","15":"tag-news","16":"tag-occitanie","17":"tag-republique-francaise"},"share_on_mastodon":{"url":"https:\/\/pubeurope.com\/@fr\/115164874218749856","error":""},"_links":{"self":[{"href":"https:\/\/www.europesays.com\/fr\/wp-json\/wp\/v2\/posts\/373730","targetHints":{"allow":["GET"]}}],"collection":[{"href":"https:\/\/www.europesays.com\/fr\/wp-json\/wp\/v2\/posts"}],"about":[{"href":"https:\/\/www.europesays.com\/fr\/wp-json\/wp\/v2\/types\/post"}],"author":[{"embeddable":true,"href":"https:\/\/www.europesays.com\/fr\/wp-json\/wp\/v2\/users\/2"}],"replies":[{"embeddable":true,"href":"https:\/\/www.europesays.com\/fr\/wp-json\/wp\/v2\/comments?post=373730"}],"version-history":[{"count":0,"href":"https:\/\/www.europesays.com\/fr\/wp-json\/wp\/v2\/posts\/373730\/revisions"}],"wp:featuredmedia":[{"embeddable":true,"href":"https:\/\/www.europesays.com\/fr\/wp-json\/wp\/v2\/media\/373731"}],"wp:attachment":[{"href":"https:\/\/www.europesays.com\/fr\/wp-json\/wp\/v2\/media?parent=373730"}],"wp:term":[{"taxonomy":"category","embeddable":true,"href":"https:\/\/www.europesays.com\/fr\/wp-json\/wp\/v2\/categories?post=373730"},{"taxonomy":"post_tag","embeddable":true,"href":"https:\/\/www.europesays.com\/fr\/wp-json\/wp\/v2\/tags?post=373730"}],"curies":[{"name":"wp","href":"https:\/\/api.w.org\/{rel}","templated":true}]}}