{"id":373732,"date":"2025-09-07T20:21:10","date_gmt":"2025-09-07T20:21:10","guid":{"rendered":"https:\/\/www.europesays.com\/fr\/373732\/"},"modified":"2025-09-07T20:21:10","modified_gmt":"2025-09-07T20:21:10","slug":"remi-desbonnet-prolonge-avec-montpellier-jusquen-2030","status":"publish","type":"post","link":"https:\/\/www.europesays.com\/fr\/373732\/","title":{"rendered":"R\u00e9mi Desbonnet prolonge avec Montpellier jusqu&rsquo;en 2030"},"content":{"rendered":"<p>Apr\u00e8s avoir \u00e9volu\u00e9 \u00e0 N\u00eemes, le gardien international \u00e9tait revenu \u00e0 Montpellier en 2022, o\u00f9 il avait \u00e9t\u00e9 form\u00e9.<\/p>\n<p class=\"fig-paragraph\">Le gardien international\u00a0<a href=\"http:\/\/www.lefigaro.fr\/sports\/handball\/mondial-de-handball-remi-desbonnet-superstar-l-inquietude-nikola-karabatic-20230125\" data-fig-type=\"NewsFlash\" data-gtm-custom-categorie=\"navigation\" data-gtm-custom-action=\"crossclick\" data-gtm-custom-label=\"Contextuel\" data-gtm-event=\"customEventSPE\" data-fig-domain=\"LEFIGARO\" rel=\"nofollow noopener\" target=\"_blank\">R\u00e9mi Desbonnet<\/a>, li\u00e9 jusqu&rsquo;en juin, a prolong\u00e9 son contrat avec\u00a0<a href=\"http:\/\/www.lefigaro.fr\/sports\/handball\/hand-montpellier-s-offre-le-trophee-des-champions-face-au-psg-20250830\" data-fig-type=\"NewsFlash\" data-gtm-custom-categorie=\"navigation\" data-gtm-custom-action=\"crossclick\" data-gtm-custom-label=\"Contextuel\" data-gtm-event=\"customEventSPE\" data-fig-domain=\"LEFIGARO\" rel=\"nofollow noopener\" target=\"_blank\">Montpellier<\/a>\u00a0jusqu&rsquo;en 2030, a annonc\u00e9 dimanche le r\u00e9cent vainqueur de la Coupe de France. Desbonnet (33 ans, 59 s\u00e9lections) a \u00e9volu\u00e9 durant neuf saisons \u00e0 N\u00eemes (2013-2022) avant de revenir \u00e0 Montpellier en 2022, o\u00f9 il a \u00e9t\u00e9 form\u00e9 et o\u00f9 il s&rsquo;est r\u00e9v\u00e9l\u00e9 au plus haut niveau lors de la saison 2012-2013.<\/p>\n<p class=\"fig-paragraph\">Dans un effectif consid\u00e9rablement renouvel\u00e9 cet \u00e9t\u00e9, avec l&rsquo;arriv\u00e9e de sept recrues, il fait figure de cadre embl\u00e9matique au c\u00f4t\u00e9 notamment du capitaine Valentin Porte ou du meneur de jeu argentin Diego Simonet. \u00abJe suis revenu au club avec beaucoup de choses \u00e0 prouver. M&rsquo;inscrire dans la dur\u00e9e au MHB est une \u00e9norme validation dans ma carri\u00e8re. J&rsquo;ai la profonde sensation que c&rsquo;est ici que je m&rsquo;\u00e9panouis le mieux\u00bb, a-t-il t\u00e9moign\u00e9 sur le site du club.<\/p>\n<p>                                    <a class=\"fig-a11y-skip a11y-hidden\" href=\"#fig-a11y-skip-main-inarticle\"><br \/>\n        Passer la publicit\u00e9<br \/>\n    <\/a><\/p>\n<p class=\"fig-paragraph\">Ce gardien au profil (1,82 m, 85 kg) et au style atypiques, a int\u00e9gr\u00e9 sur le tard, \u00e0 l&rsquo;\u00e2ge de 29 ans, l&rsquo;\u00e9quipe de France pour prendre le relais de Vincent G\u00e9rard, parti \u00e0 la retraite, au c\u00f4t\u00e9 de son partenaire h\u00e9raultais Charles Bolzinger. Montpellier a d\u00e9but\u00e9 le championnat dimanche en s&rsquo;imposant nettement (30-21) devant le promu Dijon, apr\u00e8s avoir remport\u00e9 le Troph\u00e9e des champions face au Paris SG (29-23).<\/p>\n","protected":false},"excerpt":{"rendered":"Apr\u00e8s avoir \u00e9volu\u00e9 \u00e0 N\u00eemes, le gardien international \u00e9tait revenu \u00e0 Montpellier en 2022, o\u00f9 il avait \u00e9t\u00e9&hellip;\n","protected":false},"author":2,"featured_media":373733,"comment_status":"","ping_status":"","sticky":false,"template":"","format":"standard","meta":{"footnotes":""},"categories":[9599],"tags":[1111,11,1777,674,1011,27,2208,12,2680,25],"class_list":{"0":"post-373732","1":"post","2":"type-post","3":"status-publish","4":"format-standard","5":"has-post-thumbnail","7":"category-montpellier","8":"tag-actu","9":"tag-actualites","10":"tag-eu","11":"tag-europe","12":"tag-fr","13":"tag-france","14":"tag-montpellier","15":"tag-news","16":"tag-occitanie","17":"tag-republique-francaise"},"share_on_mastodon":{"url":"https:\/\/pubeurope.com\/@fr\/115164878103037380","error":""},"_links":{"self":[{"href":"https:\/\/www.europesays.com\/fr\/wp-json\/wp\/v2\/posts\/373732","targetHints":{"allow":["GET"]}}],"collection":[{"href":"https:\/\/www.europesays.com\/fr\/wp-json\/wp\/v2\/posts"}],"about":[{"href":"https:\/\/www.europesays.com\/fr\/wp-json\/wp\/v2\/types\/post"}],"author":[{"embeddable":true,"href":"https:\/\/www.europesays.com\/fr\/wp-json\/wp\/v2\/users\/2"}],"replies":[{"embeddable":true,"href":"https:\/\/www.europesays.com\/fr\/wp-json\/wp\/v2\/comments?post=373732"}],"version-history":[{"count":0,"href":"https:\/\/www.europesays.com\/fr\/wp-json\/wp\/v2\/posts\/373732\/revisions"}],"wp:featuredmedia":[{"embeddable":true,"href":"https:\/\/www.europesays.com\/fr\/wp-json\/wp\/v2\/media\/373733"}],"wp:attachment":[{"href":"https:\/\/www.europesays.com\/fr\/wp-json\/wp\/v2\/media?parent=373732"}],"wp:term":[{"taxonomy":"category","embeddable":true,"href":"https:\/\/www.europesays.com\/fr\/wp-json\/wp\/v2\/categories?post=373732"},{"taxonomy":"post_tag","embeddable":true,"href":"https:\/\/www.europesays.com\/fr\/wp-json\/wp\/v2\/tags?post=373732"}],"curies":[{"name":"wp","href":"https:\/\/api.w.org\/{rel}","templated":true}]}}