{"id":373738,"date":"2025-09-07T20:26:10","date_gmt":"2025-09-07T20:26:10","guid":{"rendered":"https:\/\/www.europesays.com\/fr\/373738\/"},"modified":"2025-09-07T20:26:10","modified_gmt":"2025-09-07T20:26:10","slug":"chl-grenoble-simpose-a-berlin","status":"publish","type":"post","link":"https:\/\/www.europesays.com\/fr\/373738\/","title":{"rendered":"CHL. Grenoble s&rsquo;impose \u00e0 Berlin !"},"content":{"rendered":"<p>\u00a0<\/p>\n<p>Quel match des Br\u00fbleurs de Loups qui ont fait preuve de caract\u00e8re pour s\u2019imposer aux tirs aux buts face \u00e0 l\u2019Eisb\u00e4ren Berlin, champion allemand en titre. Les Is\u00e9rois repartent d\u2019Allemagne avec deux victoires !<\/p>\n<p style=\"text-align: right\">Cr\u00e9dit photo : Br\u00fbleurs de Loups<\/p>\n<p>Les trente premi\u00e8res minutes sont pourtant compliqu\u00e9es pour Grenoble, qui se voit encaisser 3 buts en inf\u00e9riorit\u00e9 num\u00e9rique. Pourtant, en cinq minutes, les BDL arrivent \u00e0 recoller au score gr\u00e2ce \u00e0 Fran\u00e7ois Beauchemin et au doubl\u00e9 de Sacha Treille. Mais Berlin parvient \u00e0 reprendre un but d\u2019avance \u00e0 la fin du T2, encore une fois en powerplay. Men\u00e9 d\u2019un but dans l\u2019ultime tiers, c\u2019est Valentin Grossetete qui permet aux siens d\u2019accrocher la prolongation en d\u00e9cochant un tir en pleine lucarne. L\u2019overtime ne donne avantage \u00e0 aucune \u00e9quipe ; c\u2019est aux tirs aux buts que cela va se passer ! Aur\u00e9lien Dair, Sacha Treille et Fran\u00e7ois Beauchemin trompent le gardien allemand, tandis que Pintaric arr\u00eate 3 des 4 tentatives adverses. Les BDL s\u2019imposent et quittent l\u2019Allemagne avec 5 points sur 6 possibles !<\/p>\n<p>Calendrier et r\u00e9sultats des Br\u00fbleurs de Loups en CHL :<\/p>\n<ul>\n<li><strong>Jeudi 28 ao\u00fbt : Grenoble<\/strong>\u00a00-2 SC Bern (0-0 ; 0-2 ; 0-0)<\/li>\n<li><strong>Samedi 30 ao\u00fbt : Grenoble 1-5<\/strong>\u00a0EV Zug (0-3 ; 0-1 ; 1-1)<\/li>\n<li><strong>Vendredi 5 septembre<\/strong> : Pinguins Bremerhaven<strong> 5-8<\/strong> <strong>Grenoble\u00a0<\/strong>(1-3 ; 2-4 ; 2-1)<\/li>\n<li><strong>Dimanche 7 septembre<\/strong> : Eisb\u00e4ren Berlin 4\u20135 <strong>Grenoble\u00a0<\/strong>(2-0 ; 2-3 ; 0-1 ; 0-0 ; 0-1)<\/li>\n<li><strong>Mercredi 8 octobre : Grenoble<\/strong>\u00a0<strong>\u2013\u00a0<\/strong>Lausanne HC (20h15)<\/li>\n<li><strong>Mardi 14 octobre :\u00a0<\/strong>Sparta Prague \u2013\u00a0<strong>Grenoble\u00a0<\/strong>(18h30)<\/li>\n<\/ul>\n","protected":false},"excerpt":{"rendered":"\u00a0 Quel match des Br\u00fbleurs de Loups qui ont fait preuve de caract\u00e8re pour s\u2019imposer aux tirs aux&hellip;\n","protected":false},"author":2,"featured_media":373739,"comment_status":"","ping_status":"","sticky":false,"template":"","format":"standard","meta":{"footnotes":""},"categories":[9566],"tags":[1111,11,2430,1777,674,1011,27,2731,12,25],"class_list":{"0":"post-373738","1":"post","2":"type-post","3":"status-publish","4":"format-standard","5":"has-post-thumbnail","7":"category-grenoble","8":"tag-actu","9":"tag-actualites","10":"tag-auvergne-rhone-alpes","11":"tag-eu","12":"tag-europe","13":"tag-fr","14":"tag-france","15":"tag-grenoble","16":"tag-news","17":"tag-republique-francaise"},"share_on_mastodon":{"url":"https:\/\/pubeurope.com\/@fr\/115164898242624928","error":""},"_links":{"self":[{"href":"https:\/\/www.europesays.com\/fr\/wp-json\/wp\/v2\/posts\/373738","targetHints":{"allow":["GET"]}}],"collection":[{"href":"https:\/\/www.europesays.com\/fr\/wp-json\/wp\/v2\/posts"}],"about":[{"href":"https:\/\/www.europesays.com\/fr\/wp-json\/wp\/v2\/types\/post"}],"author":[{"embeddable":true,"href":"https:\/\/www.europesays.com\/fr\/wp-json\/wp\/v2\/users\/2"}],"replies":[{"embeddable":true,"href":"https:\/\/www.europesays.com\/fr\/wp-json\/wp\/v2\/comments?post=373738"}],"version-history":[{"count":0,"href":"https:\/\/www.europesays.com\/fr\/wp-json\/wp\/v2\/posts\/373738\/revisions"}],"wp:featuredmedia":[{"embeddable":true,"href":"https:\/\/www.europesays.com\/fr\/wp-json\/wp\/v2\/media\/373739"}],"wp:attachment":[{"href":"https:\/\/www.europesays.com\/fr\/wp-json\/wp\/v2\/media?parent=373738"}],"wp:term":[{"taxonomy":"category","embeddable":true,"href":"https:\/\/www.europesays.com\/fr\/wp-json\/wp\/v2\/categories?post=373738"},{"taxonomy":"post_tag","embeddable":true,"href":"https:\/\/www.europesays.com\/fr\/wp-json\/wp\/v2\/tags?post=373738"}],"curies":[{"name":"wp","href":"https:\/\/api.w.org\/{rel}","templated":true}]}}