{"id":373742,"date":"2025-09-07T20:28:15","date_gmt":"2025-09-07T20:28:15","guid":{"rendered":"https:\/\/www.europesays.com\/fr\/373742\/"},"modified":"2025-09-07T20:28:15","modified_gmt":"2025-09-07T20:28:15","slug":"r1-lus-langueux-na-pas-su-renverser-la-ta-rennes","status":"publish","type":"post","link":"https:\/\/www.europesays.com\/fr\/373742\/","title":{"rendered":"R1 : L\u2019US Langueux n\u2019a pas su renverser la TA Rennes"},"content":{"rendered":"<p>R1. Langueux &#8211; TA Rennes\u00a0: 1-2<\/p>\n<p>Voil\u00e0 un d\u00e9fi de taille pour les promus langueusiens, alors que l\u2019\u00e9quipe visiteuse, rel\u00e9gu\u00e9 de N3 n\u2019a que tr\u00e8s peu chang\u00e9 cet \u00e9t\u00e9.<\/p>\n<p>Apr\u00e8s une entame clairement domin\u00e9e par les Rennais, c\u2019est sur penalty, \u00e0 la suite d\u2019une main langueusienne, que les br\u00e9tiliens ouvraient la marque gr\u00e2ce \u00e0 l\u2019incontournable Alexis Poissonneau (0-1, 20\u2019). Un peu avant la pause, Thomas Bellier d\u00e9clenchait une lourde frappe qui heurtait la transversale, que Titouan Le Breton reprenait victorieusement, de la t\u00eate (0-2, 39\u2019). Au terme d\u2019une premi\u00e8re p\u00e9riode \u00e0 sens unique, les locaux montraient leur limite par un manque d\u2019automatisme et de projection vers l\u2019avant.<\/p>\n<p>Un l\u00e9ger espoir\u2026<\/p>\n<p>Au retour des vestiaires, les Rennais pouvait se mettre \u00e0 l\u2019abri, sur une t\u00eate d\u2019Antoine Caroff \u00e0 bout portant qui passait au-dessus du cadre (47\u2019). Auteur d\u2019une bien meilleure seconde p\u00e9riode, les Verts parvenaient sur un contre \u00e0 trouver le chemin des filets par Cheick Sidib\u00e9 (50\u2019).<\/p>\n<p>Dans les buts Langueusiens, le rempla\u00e7ant de Cheick N\u2019Diaye, Alexandre Brochot, s\u2019illustrait quant \u00e0 lui gr\u00e2ce \u00e0 plusieurs interventions d\u00e9cisives. Dans l\u2019autre surface, ses co\u00e9quipiers n\u2019arrivaient pas \u00e0 d\u00e9jouer le verrou visiteur et le score n\u2019\u00e9voluait plus.<\/p>\n<p>\u00ab\u00a0On respecte trop les adversaires en d\u00e9but de match\u00a0\u00bb regrettait le coach Langueusien Boubacar Barry. Ses prot\u00e9g\u00e9s \u00e9taient aussi revenus en toute fin de match \u00e0 Quessoy le week-end pass\u00e9.<\/p>\n<p class=\"titre-tech\">La fiche technique<\/p>\n<p class=\"tech\"><strong class=\"tech\">Arbitre\u00a0:<\/strong> T. Le Goff.<\/p>\n<p class=\"tech\"><strong class=\"tech\">BUTS.<\/strong> Langueux\u00a0: Sidib\u00e9 (50\u2019)\u00a0; TA Rennes\u00a0: Poissonneau (20\u2019), Le Breton (39\u2019).<\/p>\n<p class=\"tech\"><strong class=\"tech\">Avertissements.<\/strong> Langueux\u00a0: Coulibaly (25\u2019)\u00a0; TA Rennes\u00a0: Le Roux (77\u2019), Le Breton (89\u2019).<\/p>\n","protected":false},"excerpt":{"rendered":"R1. Langueux &#8211; TA Rennes\u00a0: 1-2 Voil\u00e0 un d\u00e9fi de taille pour les promus langueusiens, alors que l\u2019\u00e9quipe&hellip;\n","protected":false},"author":2,"featured_media":373743,"comment_status":"","ping_status":"","sticky":false,"template":"","format":"standard","meta":{"footnotes":""},"categories":[2821],"tags":[1111,11,829,1777,674,63,1011,27,50775,25383,12,50773,584,25,43499,60,50774],"class_list":{"0":"post-373742","1":"post","2":"type-post","3":"status-publish","4":"format-standard","5":"has-post-thumbnail","7":"category-rennes","8":"tag-actu","9":"tag-actualites","10":"tag-bretagne","11":"tag-eu","12":"tag-europe","13":"tag-football","14":"tag-fr","15":"tag-france","16":"tag-la-tour-d-auvergne-rennes","17":"tag-langueux","18":"tag-news","19":"tag-regional-1","20":"tag-rennes","21":"tag-republique-francaise","22":"tag-selection-foot-amateur","23":"tag-sports","24":"tag-us-langueux"},"share_on_mastodon":{"url":"https:\/\/pubeurope.com\/@fr\/115164905681072567","error":""},"_links":{"self":[{"href":"https:\/\/www.europesays.com\/fr\/wp-json\/wp\/v2\/posts\/373742","targetHints":{"allow":["GET"]}}],"collection":[{"href":"https:\/\/www.europesays.com\/fr\/wp-json\/wp\/v2\/posts"}],"about":[{"href":"https:\/\/www.europesays.com\/fr\/wp-json\/wp\/v2\/types\/post"}],"author":[{"embeddable":true,"href":"https:\/\/www.europesays.com\/fr\/wp-json\/wp\/v2\/users\/2"}],"replies":[{"embeddable":true,"href":"https:\/\/www.europesays.com\/fr\/wp-json\/wp\/v2\/comments?post=373742"}],"version-history":[{"count":0,"href":"https:\/\/www.europesays.com\/fr\/wp-json\/wp\/v2\/posts\/373742\/revisions"}],"wp:featuredmedia":[{"embeddable":true,"href":"https:\/\/www.europesays.com\/fr\/wp-json\/wp\/v2\/media\/373743"}],"wp:attachment":[{"href":"https:\/\/www.europesays.com\/fr\/wp-json\/wp\/v2\/media?parent=373742"}],"wp:term":[{"taxonomy":"category","embeddable":true,"href":"https:\/\/www.europesays.com\/fr\/wp-json\/wp\/v2\/categories?post=373742"},{"taxonomy":"post_tag","embeddable":true,"href":"https:\/\/www.europesays.com\/fr\/wp-json\/wp\/v2\/tags?post=373742"}],"curies":[{"name":"wp","href":"https:\/\/api.w.org\/{rel}","templated":true}]}}